{"id":8054,"date":"2017-06-24T08:43:59","date_gmt":"2017-06-24T06:43:59","guid":{"rendered":"https:\/\/www.urbanpresents.net\/?p=8054\/"},"modified":"2025-04-11T12:07:32","modified_gmt":"2025-04-11T10:07:32","slug":"4-urbanart-biennale-in-volklingen","status":"publish","type":"post","link":"https:\/\/www.urbanpresents.net\/en\/2017\/06\/4-urbanart-biennale-in-volklingen\/","title":{"rendered":"4. urbanart biennale in v\u00f6lklingen"},"content":{"rendered":"\n<p class=\"wp-block-paragraph\">at this year&#8217;s&nbsp;<a href=\"https:\/\/voelklinger-huette.org\/\" target=\"_blank\" rel=\"noopener noreferrer\">urbanart biennale in v\u00f6lklingen<\/a> more than 150 works by 100 international artists are shown.<br>center of the exhibition is the&nbsp;<a href=\"https:\/\/www.urbanpresents.net\/en\/2017\/06\/4-urbanart-biennale-in-volklingen-burden-hall\/\">m\u00f6llerhalle<\/a>, a huge silo facility from the beginning of the twentieth century.<br>the&nbsp;<a href=\"https:\/\/www.urbanpresents.net\/en\/2017\/06\/4-urbanart-biennale-in-volklingen-urbanart-parcours\/\">urbanart parcours<\/a>&nbsp;is located in the 100,000m\u00b2 landscape garden. here you can admire&nbsp;permanent artifacts of vhils and jef aerosol.<\/p>\n\n\n\n<ul class=\"wp-block-gallery columns-3 is-cropped wp-block-gallery-1 is-layout-flex wp-block-gallery-is-layout-flex\"><li class=\"blocks-gallery-item\"><figure><a href=\"https:\/\/www.urbanpresents.net\/wp-content\/uploads\/2017\/06\/urbanart-biennale-voelklingen-paradies-06-2017-0914-1024x683.jpg\"><img loading=\"lazy\" decoding=\"async\" width=\"1024\" height=\"683\" src=\"https:\/\/www.urbanpresents.net\/wp-content\/uploads\/2017\/06\/urbanart-biennale-voelklingen-paradies-06-2017-0914-1024x683.jpg\" alt=\"\" data-id=\"7982\" class=\"wp-image-7982\" srcset=\"https:\/\/www.urbanpresents.net\/wp-content\/uploads\/2017\/06\/urbanart-biennale-voelklingen-paradies-06-2017-0914-1024x683.jpg 1024w, https:\/\/www.urbanpresents.net\/wp-content\/uploads\/2017\/06\/urbanart-biennale-voelklingen-paradies-06-2017-0914-300x200.jpg 300w, https:\/\/www.urbanpresents.net\/wp-content\/uploads\/2017\/06\/urbanart-biennale-voelklingen-paradies-06-2017-0914-768x512.jpg 768w, https:\/\/www.urbanpresents.net\/wp-content\/uploads\/2017\/06\/urbanart-biennale-voelklingen-paradies-06-2017-0914.jpg 1200w\" sizes=\"(max-width: 1024px) 100vw, 1024px\" \/><\/a><figcaption>4. urbanart biennale &#8211; v\u00f6lklinger h\u00fctte<\/figcaption><\/figure><\/li><li class=\"blocks-gallery-item\"><figure><a href=\"https:\/\/www.urbanpresents.net\/wp-content\/uploads\/2017\/06\/urbanart-biennale-voelklingen-moellerhalle-06-2017-0706-1024x683.jpg\"><img loading=\"lazy\" decoding=\"async\" width=\"1024\" height=\"683\" src=\"https:\/\/www.urbanpresents.net\/wp-content\/uploads\/2017\/06\/urbanart-biennale-voelklingen-moellerhalle-06-2017-0706-1024x683.jpg\" alt=\"\" data-id=\"7864\" class=\"wp-image-7864\" srcset=\"https:\/\/www.urbanpresents.net\/wp-content\/uploads\/2017\/06\/urbanart-biennale-voelklingen-moellerhalle-06-2017-0706-1024x683.jpg 1024w, https:\/\/www.urbanpresents.net\/wp-content\/uploads\/2017\/06\/urbanart-biennale-voelklingen-moellerhalle-06-2017-0706-300x200.jpg 300w, https:\/\/www.urbanpresents.net\/wp-content\/uploads\/2017\/06\/urbanart-biennale-voelklingen-moellerhalle-06-2017-0706-768x512.jpg 768w, https:\/\/www.urbanpresents.net\/wp-content\/uploads\/2017\/06\/urbanart-biennale-voelklingen-moellerhalle-06-2017-0706.jpg 1200w\" sizes=\"(max-width: 1024px) 100vw, 1024px\" \/><\/a><figcaption>madc &#8216;200217-12:48&#8217; &#8211; 4. urbanart biennale &#8211; v\u00f6lklingen &#8211; m\u00f6llerhalle<\/figcaption><\/figure><\/li><li class=\"blocks-gallery-item\"><figure><a href=\"https:\/\/www.urbanpresents.net\/wp-content\/uploads\/2017\/06\/urbanart-biennale-voelklingen-moellerhalle-06-2017-01136-1024x683.jpg\"><img loading=\"lazy\" decoding=\"async\" width=\"1024\" height=\"683\" src=\"https:\/\/www.urbanpresents.net\/wp-content\/uploads\/2017\/06\/urbanart-biennale-voelklingen-moellerhalle-06-2017-01136-1024x683.jpg\" alt=\"\" data-id=\"7924\" class=\"wp-image-7924\" srcset=\"https:\/\/www.urbanpresents.net\/wp-content\/uploads\/2017\/06\/urbanart-biennale-voelklingen-moellerhalle-06-2017-01136-1024x683.jpg 1024w, https:\/\/www.urbanpresents.net\/wp-content\/uploads\/2017\/06\/urbanart-biennale-voelklingen-moellerhalle-06-2017-01136-300x200.jpg 300w, https:\/\/www.urbanpresents.net\/wp-content\/uploads\/2017\/06\/urbanart-biennale-voelklingen-moellerhalle-06-2017-01136-768x512.jpg 768w, https:\/\/www.urbanpresents.net\/wp-content\/uploads\/2017\/06\/urbanart-biennale-voelklingen-moellerhalle-06-2017-01136.jpg 1200w\" sizes=\"(max-width: 1024px) 100vw, 1024px\" \/><\/a><figcaption>jan kalab &#8216;oberkampf&#8217; &#8211; 4. urbanart biennale &#8211; v\u00f6lklingen &#8211; &nbsp;m\u00f6llerhalle<\/figcaption><\/figure><\/li><li class=\"blocks-gallery-item\"><figure><a href=\"https:\/\/www.urbanpresents.net\/wp-content\/uploads\/2017\/06\/urbanart-biennale-voelklingen-moellerhalle-06-2017-0654-1024x683.jpg\"><img loading=\"lazy\" decoding=\"async\" width=\"1024\" height=\"683\" src=\"https:\/\/www.urbanpresents.net\/wp-content\/uploads\/2017\/06\/urbanart-biennale-voelklingen-moellerhalle-06-2017-0654-1024x683.jpg\" alt=\"\" data-id=\"7858\" class=\"wp-image-7858\" srcset=\"https:\/\/www.urbanpresents.net\/wp-content\/uploads\/2017\/06\/urbanart-biennale-voelklingen-moellerhalle-06-2017-0654-1024x683.jpg 1024w, https:\/\/www.urbanpresents.net\/wp-content\/uploads\/2017\/06\/urbanart-biennale-voelklingen-moellerhalle-06-2017-0654-300x200.jpg 300w, https:\/\/www.urbanpresents.net\/wp-content\/uploads\/2017\/06\/urbanart-biennale-voelklingen-moellerhalle-06-2017-0654-768x512.jpg 768w, https:\/\/www.urbanpresents.net\/wp-content\/uploads\/2017\/06\/urbanart-biennale-voelklingen-moellerhalle-06-2017-0654.jpg 1200w\" sizes=\"(max-width: 1024px) 100vw, 1024px\" \/><\/a><figcaption>david walker &#8216;ruth&#8217; &#8211; 4. urbanart biennale &#8211; v\u00f6lklingen &#8211; m\u00f6llerhalle<\/figcaption><\/figure><\/li><li class=\"blocks-gallery-item\"><figure><a href=\"https:\/\/www.urbanpresents.net\/wp-content\/uploads\/2017\/06\/urbanart-biennale-voelklingen-paradies-06-2017-01272-1024x683.jpg\"><img loading=\"lazy\" decoding=\"async\" width=\"1024\" height=\"683\" src=\"https:\/\/www.urbanpresents.net\/wp-content\/uploads\/2017\/06\/urbanart-biennale-voelklingen-paradies-06-2017-01272-1024x683.jpg\" alt=\"\" data-id=\"8004\" class=\"wp-image-8004\" srcset=\"https:\/\/www.urbanpresents.net\/wp-content\/uploads\/2017\/06\/urbanart-biennale-voelklingen-paradies-06-2017-01272-1024x683.jpg 1024w, https:\/\/www.urbanpresents.net\/wp-content\/uploads\/2017\/06\/urbanart-biennale-voelklingen-paradies-06-2017-01272-300x200.jpg 300w, https:\/\/www.urbanpresents.net\/wp-content\/uploads\/2017\/06\/urbanart-biennale-voelklingen-paradies-06-2017-01272-768x512.jpg 768w, https:\/\/www.urbanpresents.net\/wp-content\/uploads\/2017\/06\/urbanart-biennale-voelklingen-paradies-06-2017-01272.jpg 1200w\" sizes=\"(max-width: 1024px) 100vw, 1024px\" \/><\/a><figcaption>4. urbanart biennale &#8211; v\u00f6lklingen &#8211; paradies<\/figcaption><\/figure><\/li><li class=\"blocks-gallery-item\"><figure><a href=\"https:\/\/www.urbanpresents.net\/wp-content\/uploads\/2017\/06\/urbanart-biennale-voelklingen-paradies-06-2017-0838-1024x683.jpg\"><img loading=\"lazy\" decoding=\"async\" width=\"1024\" height=\"683\" src=\"https:\/\/www.urbanpresents.net\/wp-content\/uploads\/2017\/06\/urbanart-biennale-voelklingen-paradies-06-2017-0838-1024x683.jpg\" alt=\"\" data-id=\"7973\" class=\"wp-image-7973\" srcset=\"https:\/\/www.urbanpresents.net\/wp-content\/uploads\/2017\/06\/urbanart-biennale-voelklingen-paradies-06-2017-0838-1024x683.jpg 1024w, https:\/\/www.urbanpresents.net\/wp-content\/uploads\/2017\/06\/urbanart-biennale-voelklingen-paradies-06-2017-0838-300x200.jpg 300w, https:\/\/www.urbanpresents.net\/wp-content\/uploads\/2017\/06\/urbanart-biennale-voelklingen-paradies-06-2017-0838-768x512.jpg 768w, https:\/\/www.urbanpresents.net\/wp-content\/uploads\/2017\/06\/urbanart-biennale-voelklingen-paradies-06-2017-0838.jpg 1200w\" sizes=\"(max-width: 1024px) 100vw, 1024px\" \/><\/a><figcaption>yz &#8216;chrystal&#8217; &#8211; 4. urbanart biennale &#8211; v\u00f6lklingen &#8211; urbanart parcours<\/figcaption><\/figure><\/li><li class=\"blocks-gallery-item\"><figure><a href=\"https:\/\/www.urbanpresents.net\/wp-content\/uploads\/2017\/06\/urbanart-biennale-voelklingen-paradies-06-2017-00995-1024x683.jpg\"><img loading=\"lazy\" decoding=\"async\" width=\"1024\" height=\"683\" src=\"https:\/\/www.urbanpresents.net\/wp-content\/uploads\/2017\/06\/urbanart-biennale-voelklingen-paradies-06-2017-00995-1024x683.jpg\" alt=\"\" data-id=\"7991\" class=\"wp-image-7991\" srcset=\"https:\/\/www.urbanpresents.net\/wp-content\/uploads\/2017\/06\/urbanart-biennale-voelklingen-paradies-06-2017-00995-1024x683.jpg 1024w, https:\/\/www.urbanpresents.net\/wp-content\/uploads\/2017\/06\/urbanart-biennale-voelklingen-paradies-06-2017-00995-300x200.jpg 300w, https:\/\/www.urbanpresents.net\/wp-content\/uploads\/2017\/06\/urbanart-biennale-voelklingen-paradies-06-2017-00995-768x512.jpg 768w, https:\/\/www.urbanpresents.net\/wp-content\/uploads\/2017\/06\/urbanart-biennale-voelklingen-paradies-06-2017-00995.jpg 1200w\" sizes=\"(max-width: 1024px) 100vw, 1024px\" \/><\/a><figcaption>mambo &#8216;positive heritage&#8217; &#8211; 4. urbanart biennale &#8211; v\u00f6lklingen &#8211; urbanart parcours<\/figcaption><\/figure><\/li><li class=\"blocks-gallery-item\"><figure><a href=\"https:\/\/www.urbanpresents.net\/wp-content\/uploads\/2017\/06\/urbanart-biennale-voelklingen-paradies-06-2017-01248-1024x683.jpg\"><img loading=\"lazy\" decoding=\"async\" width=\"1024\" height=\"683\" src=\"https:\/\/www.urbanpresents.net\/wp-content\/uploads\/2017\/06\/urbanart-biennale-voelklingen-paradies-06-2017-01248-1024x683.jpg\" alt=\"\" data-id=\"7998\" class=\"wp-image-7998\" srcset=\"https:\/\/www.urbanpresents.net\/wp-content\/uploads\/2017\/06\/urbanart-biennale-voelklingen-paradies-06-2017-01248-1024x683.jpg 1024w, https:\/\/www.urbanpresents.net\/wp-content\/uploads\/2017\/06\/urbanart-biennale-voelklingen-paradies-06-2017-01248-300x200.jpg 300w, https:\/\/www.urbanpresents.net\/wp-content\/uploads\/2017\/06\/urbanart-biennale-voelklingen-paradies-06-2017-01248-768x512.jpg 768w, https:\/\/www.urbanpresents.net\/wp-content\/uploads\/2017\/06\/urbanart-biennale-voelklingen-paradies-06-2017-01248.jpg 1200w\" sizes=\"(max-width: 1024px) 100vw, 1024px\" \/><\/a><figcaption>henrik beikirch &#8216;rakouch timallizene&#8217; &#8211; 4. urbanart biennale &#8211; v\u00f6lklingen &#8211; urbanart parcours<\/figcaption><\/figure><\/li><li class=\"blocks-gallery-item\"><figure><a href=\"https:\/\/www.urbanpresents.net\/wp-content\/uploads\/2017\/06\/urbanart-biennale-voelklingen-paradies-06-2017-01311-1024x683.jpg\"><img loading=\"lazy\" decoding=\"async\" width=\"1024\" height=\"683\" src=\"https:\/\/www.urbanpresents.net\/wp-content\/uploads\/2017\/06\/urbanart-biennale-voelklingen-paradies-06-2017-01311-1024x683.jpg\" alt=\"\" data-id=\"8021\" class=\"wp-image-8021\" srcset=\"https:\/\/www.urbanpresents.net\/wp-content\/uploads\/2017\/06\/urbanart-biennale-voelklingen-paradies-06-2017-01311-1024x683.jpg 1024w, https:\/\/www.urbanpresents.net\/wp-content\/uploads\/2017\/06\/urbanart-biennale-voelklingen-paradies-06-2017-01311-300x200.jpg 300w, https:\/\/www.urbanpresents.net\/wp-content\/uploads\/2017\/06\/urbanart-biennale-voelklingen-paradies-06-2017-01311-768x512.jpg 768w, https:\/\/www.urbanpresents.net\/wp-content\/uploads\/2017\/06\/urbanart-biennale-voelklingen-paradies-06-2017-01311.jpg 1200w\" sizes=\"(max-width: 1024px) 100vw, 1024px\" \/><\/a><figcaption>levalet &#8211; 4. urbanart biennale &#8211; v\u00f6lklingen &#8211; urbanart parcours<\/figcaption><\/figure><\/li><li class=\"blocks-gallery-item\"><figure><a href=\"https:\/\/www.urbanpresents.net\/wp-content\/uploads\/2017\/06\/urbanart-biennale-voelklinger-huette-06-2017-01014-1024x602.jpg\"><img loading=\"lazy\" decoding=\"async\" width=\"1024\" height=\"602\" src=\"https:\/\/www.urbanpresents.net\/wp-content\/uploads\/2017\/06\/urbanart-biennale-voelklinger-huette-06-2017-01014-1024x602.jpg\" alt=\"\" data-id=\"8042\" class=\"wp-image-8042\" srcset=\"https:\/\/www.urbanpresents.net\/wp-content\/uploads\/2017\/06\/urbanart-biennale-voelklinger-huette-06-2017-01014-1024x602.jpg 1024w, https:\/\/www.urbanpresents.net\/wp-content\/uploads\/2017\/06\/urbanart-biennale-voelklinger-huette-06-2017-01014-300x177.jpg 300w, https:\/\/www.urbanpresents.net\/wp-content\/uploads\/2017\/06\/urbanart-biennale-voelklinger-huette-06-2017-01014-768x452.jpg 768w, https:\/\/www.urbanpresents.net\/wp-content\/uploads\/2017\/06\/urbanart-biennale-voelklinger-huette-06-2017-01014.jpg 1200w\" sizes=\"(max-width: 1024px) 100vw, 1024px\" \/><\/a><figcaption>v\u00f6lklinger h\u00fctte<\/figcaption><\/figure><\/li><\/ul>\n\n\n\n<p class=\"wp-block-paragraph\">1\/ 4. urbanart biennale in v\u00f6lklingen &#8211; intro<a href=\"https:\/\/www.urbanpresents.net\/en\/2017\/06\/4-urbanart-biennale-in-volklingen\/\"><br><\/a>2\/ <a href=\"https:\/\/www.urbanpresents.net\/en\/2017\/06\/4-urbanart-biennale-in-volklingen-burden-hall\/\">4. urbanart biennale in v\u00f6lklingen &#8211; burden hall<\/a><br>3\/ <a href=\"https:\/\/www.urbanpresents.net\/en\/2017\/06\/4-urbanart-biennale-in-volklingen-urbanart-parcours\/\">4. urbanart biennale in v\u00f6lklingen &#8211; urbanart parcours<\/a><\/p>\n","protected":false},"excerpt":{"rendered":"<p>at this year&#8217;s&nbsp;urbanart biennale in v\u00f6lklingen more than 150 works by 100 international artists are shown.center of the exhibition is the&nbsp;m\u00f6llerhalle, a huge silo facility from the beginning of the twentieth century.the&nbsp;urbanart parcours&nbsp;is located in the 100,000m\u00b2 landscape garden. here you can admire&nbsp;permanent artifacts of vhils and jef aerosol. 1\/ 4. urbanart biennale in v\u00f6lklingen [&hellip;]<\/p>\n","protected":false},"author":1,"featured_media":8043,"comment_status":"open","ping_status":"open","sticky":false,"template":"","format":"standard","meta":{"_acf_changed":false,"footnotes":""},"categories":[35,1224,3363,37,2457],"tags":[2461,2462,2463,2466,2453],"class_list":["post-8054","post","type-post","status-publish","format-standard","has-post-thumbnail","hentry","category-exhibitions","category-germany","category-urban-art-biennale-volklingen-en","category-urban-travel-en","category-volklingen-en","tag-david-walker-en","tag-jan-kalab-en","tag-unesco-en","tag-volkinger-hutte","tag-yz"],"acf":[],"aioseo_notices":[],"aioseo_head":"\n\t\t<!-- All in One SEO Pro 5.0.1.1 - aioseo.com -->\n\t<meta name=\"description\" content=\"at this year&#039;s urbanart biennale in v\u00f6lklingen more than 150 works by 100 international artists are shown.center of the exhibition is the m\u00f6llerhalle, a huge silo facility from the beginning of the twentieth century.the urbanart parcours is located in the 100,000m\u00b2 landscape garden. here you can admire permanent artifacts of vhils and jef aerosol. 1\/ 4. urbanart biennale in v\u00f6lklingen\" \/>\n\t<meta name=\"robots\" content=\"max-image-preview:large\" \/>\n\t<meta name=\"author\" content=\"Bart Van Kersavond\"\/>\n\t<meta name=\"keywords\" content=\"david walker,jan kalab,unesco,v\u00f6lkinger h\u00fctte,yz,exhibitions,germany,urban art biennale v\u00f6lklingen,urban travel,v\u00f6lklingen\" \/>\n\t<link rel=\"canonical\" href=\"https:\/\/www.urbanpresents.net\/en\/2017\/06\/4-urbanart-biennale-in-volklingen\/\" \/>\n\t<meta name=\"generator\" content=\"All in One SEO Pro (AIOSEO) 5.0.1.1\" \/>\n\t\t<meta property=\"og:locale\" content=\"en_GB\" \/>\n\t\t<meta property=\"og:site_name\" content=\"urbanpresents\" \/>\n\t\t<meta property=\"og:type\" content=\"article\" \/>\n\t\t<meta property=\"og:title\" content=\"4. urbanart biennale in v\u00f6lklingen | URBANPRESENTS\" \/>\n\t\t<meta property=\"og:description\" content=\"at this year&#039;s urbanart biennale in v\u00f6lklingen more than 150 works by 100 international artists are shown.center of the exhibition is the m\u00f6llerhalle, a huge silo facility from the beginning of the twentieth century.the urbanart parcours is located in the 100,000m\u00b2 landscape garden. here you can admire permanent artifacts of vhils and jef aerosol. 1\/ 4. urbanart biennale in v\u00f6lklingen\" \/>\n\t\t<meta property=\"og:url\" content=\"https:\/\/www.urbanpresents.net\/en\/2017\/06\/4-urbanart-biennale-in-volklingen\/\" \/>\n\t\t<meta property=\"fb:admins\" content=\"393988637443703\" \/>\n\t\t<meta property=\"og:image\" content=\"https:\/\/www.urbanpresents.net\/wp-content\/uploads\/2017\/06\/urbanart-biennale-voelklinger-huette-06-2017-00928.jpg\" \/>\n\t\t<meta property=\"og:image:secure_url\" content=\"https:\/\/www.urbanpresents.net\/wp-content\/uploads\/2017\/06\/urbanart-biennale-voelklinger-huette-06-2017-00928.jpg\" \/>\n\t\t<meta property=\"og:image:width\" content=\"1200\" \/>\n\t\t<meta property=\"og:image:height\" content=\"800\" \/>\n\t\t<meta property=\"article:tag\" content=\"david walker\" \/>\n\t\t<meta property=\"article:tag\" content=\"jan kalab\" \/>\n\t\t<meta property=\"article:tag\" content=\"unesco\" \/>\n\t\t<meta property=\"article:tag\" content=\"v\u00f6lkinger h\u00fctte\" \/>\n\t\t<meta property=\"article:tag\" content=\"yz\" \/>\n\t\t<meta property=\"article:tag\" content=\"exhibitions\" \/>\n\t\t<meta property=\"article:tag\" content=\"germany\" \/>\n\t\t<meta property=\"article:tag\" content=\"urban art biennale v\u00f6lklingen\" \/>\n\t\t<meta property=\"article:tag\" content=\"urban travel\" \/>\n\t\t<meta property=\"article:tag\" content=\"v\u00f6lklingen\" \/>\n\t\t<meta property=\"article:published_time\" content=\"2017-06-24T06:43:59+00:00\" \/>\n\t\t<meta property=\"article:modified_time\" content=\"2025-04-11T10:07:32+00:00\" \/>\n\t\t<meta property=\"article:publisher\" content=\"https:\/\/www.facebook.com\/urbanpresents.net\" \/>\n\t\t<meta name=\"twitter:card\" content=\"summary\" \/>\n\t\t<meta name=\"twitter:site\" content=\"@urbanpresents\" \/>\n\t\t<meta name=\"twitter:title\" content=\"4. urbanart biennale in v\u00f6lklingen | URBANPRESENTS\" \/>\n\t\t<meta name=\"twitter:description\" content=\"at this year&#039;s urbanart biennale in v\u00f6lklingen more than 150 works by 100 international artists are shown.center of the exhibition is the m\u00f6llerhalle, a huge silo facility from the beginning of the twentieth century.the urbanart parcours is located in the 100,000m\u00b2 landscape garden. here you can admire permanent artifacts of vhils and jef aerosol. 1\/ 4. urbanart biennale in v\u00f6lklingen\" \/>\n\t\t<meta name=\"twitter:image\" content=\"https:\/\/www.urbanpresents.net\/wp-content\/uploads\/2017\/06\/urbanart-biennale-voelklinger-huette-06-2017-00928.jpg\" \/>\n\t\t<script type=\"application\/ld+json\" class=\"aioseo-schema\">\n\t\t\t{\"@context\":\"https:\\\/\\\/schema.org\",\"@graph\":[{\"@type\":\"Article\",\"@id\":\"https:\\\/\\\/www.urbanpresents.net\\\/en\\\/2017\\\/06\\\/4-urbanart-biennale-in-volklingen\\\/#article\",\"name\":\"4. urbanart biennale in v\\u00f6lklingen | URBANPRESENTS\",\"headline\":\"4. urbanart biennale in v\\u00f6lklingen\",\"author\":{\"@id\":\"https:\\\/\\\/www.urbanpresents.net\\\/en\\\/author\\\/kersavond\\\/#author\"},\"publisher\":{\"@id\":\"https:\\\/\\\/www.urbanpresents.net\\\/en\\\/#organization\"},\"image\":{\"@type\":\"ImageObject\",\"url\":\"https:\\\/\\\/www.urbanpresents.net\\\/wp-content\\\/uploads\\\/2017\\\/06\\\/urbanart-biennale-voelklinger-huette-06-2017-00928.jpg\",\"width\":1200,\"height\":800,\"caption\":\"4. urbanart biennale - v\\u00f6lklingen\"},\"datePublished\":\"2017-06-24T08:43:59+02:00\",\"dateModified\":\"2025-04-11T12:07:32+02:00\",\"inLanguage\":\"en-GB\",\"mainEntityOfPage\":{\"@id\":\"https:\\\/\\\/www.urbanpresents.net\\\/en\\\/2017\\\/06\\\/4-urbanart-biennale-in-volklingen\\\/#webpage\"},\"isPartOf\":{\"@id\":\"https:\\\/\\\/www.urbanpresents.net\\\/en\\\/2017\\\/06\\\/4-urbanart-biennale-in-volklingen\\\/#webpage\"},\"articleSection\":\"Exhibitions, Germany, Urban Art Biennale V\\u00f6lklingen, Urban Travel, V\\u00f6lklingen, david walker, jan kalab, unesco, v\\u00f6lkinger h\\u00fctte, yz, Optional\"},{\"@type\":\"BreadcrumbList\",\"@id\":\"https:\\\/\\\/www.urbanpresents.net\\\/en\\\/2017\\\/06\\\/4-urbanart-biennale-in-volklingen\\\/#breadcrumblist\",\"itemListElement\":[{\"@type\":\"ListItem\",\"@id\":\"https:\\\/\\\/www.urbanpresents.net\\\/en\\\/#listItem\",\"position\":1,\"name\":\"Home\",\"item\":\"https:\\\/\\\/www.urbanpresents.net\\\/en\\\/\",\"nextItem\":{\"@type\":\"ListItem\",\"@id\":\"https:\\\/\\\/www.urbanpresents.net\\\/en\\\/category\\\/urban-travel-en\\\/#listItem\",\"name\":\"Urban Travel\"}},{\"@type\":\"ListItem\",\"@id\":\"https:\\\/\\\/www.urbanpresents.net\\\/en\\\/category\\\/urban-travel-en\\\/#listItem\",\"position\":2,\"name\":\"Urban Travel\",\"item\":\"https:\\\/\\\/www.urbanpresents.net\\\/en\\\/category\\\/urban-travel-en\\\/\",\"nextItem\":{\"@type\":\"ListItem\",\"@id\":\"https:\\\/\\\/www.urbanpresents.net\\\/en\\\/category\\\/urban-travel-en\\\/germany\\\/#listItem\",\"name\":\"Germany\"},\"previousItem\":{\"@type\":\"ListItem\",\"@id\":\"https:\\\/\\\/www.urbanpresents.net\\\/en\\\/#listItem\",\"name\":\"Home\"}},{\"@type\":\"ListItem\",\"@id\":\"https:\\\/\\\/www.urbanpresents.net\\\/en\\\/category\\\/urban-travel-en\\\/germany\\\/#listItem\",\"position\":3,\"name\":\"Germany\",\"item\":\"https:\\\/\\\/www.urbanpresents.net\\\/en\\\/category\\\/urban-travel-en\\\/germany\\\/\",\"nextItem\":{\"@type\":\"ListItem\",\"@id\":\"https:\\\/\\\/www.urbanpresents.net\\\/en\\\/category\\\/urban-travel-en\\\/germany\\\/volklingen-en\\\/#listItem\",\"name\":\"V\\u00f6lklingen\"},\"previousItem\":{\"@type\":\"ListItem\",\"@id\":\"https:\\\/\\\/www.urbanpresents.net\\\/en\\\/category\\\/urban-travel-en\\\/#listItem\",\"name\":\"Urban Travel\"}},{\"@type\":\"ListItem\",\"@id\":\"https:\\\/\\\/www.urbanpresents.net\\\/en\\\/category\\\/urban-travel-en\\\/germany\\\/volklingen-en\\\/#listItem\",\"position\":4,\"name\":\"V\\u00f6lklingen\",\"item\":\"https:\\\/\\\/www.urbanpresents.net\\\/en\\\/category\\\/urban-travel-en\\\/germany\\\/volklingen-en\\\/\",\"nextItem\":{\"@type\":\"ListItem\",\"@id\":\"https:\\\/\\\/www.urbanpresents.net\\\/en\\\/2017\\\/06\\\/4-urbanart-biennale-in-volklingen\\\/#listItem\",\"name\":\"4. urbanart biennale in v\\u00f6lklingen\"},\"previousItem\":{\"@type\":\"ListItem\",\"@id\":\"https:\\\/\\\/www.urbanpresents.net\\\/en\\\/category\\\/urban-travel-en\\\/germany\\\/#listItem\",\"name\":\"Germany\"}},{\"@type\":\"ListItem\",\"@id\":\"https:\\\/\\\/www.urbanpresents.net\\\/en\\\/2017\\\/06\\\/4-urbanart-biennale-in-volklingen\\\/#listItem\",\"position\":5,\"name\":\"4. urbanart biennale in v\\u00f6lklingen\",\"previousItem\":{\"@type\":\"ListItem\",\"@id\":\"https:\\\/\\\/www.urbanpresents.net\\\/en\\\/category\\\/urban-travel-en\\\/germany\\\/volklingen-en\\\/#listItem\",\"name\":\"V\\u00f6lklingen\"}}]},{\"@type\":\"Organization\",\"@id\":\"https:\\\/\\\/www.urbanpresents.net\\\/en\\\/#organization\",\"name\":\"UrbanPresents.net\",\"description\":\"URBANPRESENTS ist ein unabh\\u00e4ngiges Online-Magazin und visuelles Archiv f\\u00fcr Urban Art, Street Art, Graffiti und Urbex-Fotografie. Seit 2015 dokumentieren wir die fl\\u00fcchtige und transformative Kraft urbaner Kreativit\\u00e4t durch Fotoreportagen, K\\u00fcnstlerportr\\u00e4ts und Hintergrundberichte \\u2013 mit Fokus auf Berlin, NRW, K\\u00f6ln und internationale Hotspots.\",\"url\":\"https:\\\/\\\/www.urbanpresents.net\\\/en\\\/\",\"telephone\":\"+491773429074\",\"logo\":{\"@type\":\"ImageObject\",\"url\":\"https:\\\/\\\/www.urbanpresents.net\\\/wp-content\\\/uploads\\\/2026\\\/02\\\/UrbanPresents-8.png\",\"@id\":\"https:\\\/\\\/www.urbanpresents.net\\\/en\\\/2017\\\/06\\\/4-urbanart-biennale-in-volklingen\\\/#organizationLogo\",\"width\":150,\"height\":150},\"image\":{\"@id\":\"https:\\\/\\\/www.urbanpresents.net\\\/en\\\/2017\\\/06\\\/4-urbanart-biennale-in-volklingen\\\/#organizationLogo\"},\"sameAs\":[\"https:\\\/\\\/www.facebook.com\\\/urbanpresents.net\",\"https:\\\/\\\/www.instagram.com\\\/urbanpresents\",\"https:\\\/\\\/www.pinterest.de\\\/urbanpresents\\\/_created\\\/\",\"https:\\\/\\\/www.youtube.com\\\/channel\\\/UCjGeNX6jqsitUpOXAlu8ITg\"]},{\"@type\":\"Person\",\"@id\":\"https:\\\/\\\/www.urbanpresents.net\\\/en\\\/author\\\/kersavond\\\/#author\",\"url\":\"https:\\\/\\\/www.urbanpresents.net\\\/en\\\/author\\\/kersavond\\\/\",\"name\":\"Bart Van Kersavond\"},{\"@type\":\"WebPage\",\"@id\":\"https:\\\/\\\/www.urbanpresents.net\\\/en\\\/2017\\\/06\\\/4-urbanart-biennale-in-volklingen\\\/#webpage\",\"url\":\"https:\\\/\\\/www.urbanpresents.net\\\/en\\\/2017\\\/06\\\/4-urbanart-biennale-in-volklingen\\\/\",\"name\":\"4. urbanart biennale in v\\u00f6lklingen | URBANPRESENTS\",\"description\":\"at this year's urbanart biennale in v\\u00f6lklingen more than 150 works by 100 international artists are shown.center of the exhibition is the m\\u00f6llerhalle, a huge silo facility from the beginning of the twentieth century.the urbanart parcours is located in the 100,000m\\u00b2 landscape garden. here you can admire permanent artifacts of vhils and jef aerosol. 1\\\/ 4. urbanart biennale in v\\u00f6lklingen\",\"inLanguage\":\"en-GB\",\"isPartOf\":{\"@id\":\"https:\\\/\\\/www.urbanpresents.net\\\/en\\\/#website\"},\"breadcrumb\":{\"@id\":\"https:\\\/\\\/www.urbanpresents.net\\\/en\\\/2017\\\/06\\\/4-urbanart-biennale-in-volklingen\\\/#breadcrumblist\"},\"author\":{\"@id\":\"https:\\\/\\\/www.urbanpresents.net\\\/en\\\/author\\\/kersavond\\\/#author\"},\"creator\":{\"@id\":\"https:\\\/\\\/www.urbanpresents.net\\\/en\\\/author\\\/kersavond\\\/#author\"},\"image\":{\"@type\":\"ImageObject\",\"url\":\"https:\\\/\\\/www.urbanpresents.net\\\/wp-content\\\/uploads\\\/2017\\\/06\\\/urbanart-biennale-voelklinger-huette-06-2017-00928.jpg\",\"@id\":\"https:\\\/\\\/www.urbanpresents.net\\\/en\\\/2017\\\/06\\\/4-urbanart-biennale-in-volklingen\\\/#mainImage\",\"width\":1200,\"height\":800,\"caption\":\"4. urbanart biennale - v\\u00f6lklingen\"},\"primaryImageOfPage\":{\"@id\":\"https:\\\/\\\/www.urbanpresents.net\\\/en\\\/2017\\\/06\\\/4-urbanart-biennale-in-volklingen\\\/#mainImage\"},\"datePublished\":\"2017-06-24T08:43:59+02:00\",\"dateModified\":\"2025-04-11T12:07:32+02:00\"},{\"@type\":\"WebSite\",\"@id\":\"https:\\\/\\\/www.urbanpresents.net\\\/en\\\/#website\",\"url\":\"https:\\\/\\\/www.urbanpresents.net\\\/en\\\/\",\"name\":\"URBANPRESENTS\",\"description\":\"streetart \\\/ urbex \\\/ graffiti\",\"inLanguage\":\"en-GB\",\"publisher\":{\"@id\":\"https:\\\/\\\/www.urbanpresents.net\\\/en\\\/#organization\"}}]}\n\t\t<\/script>\n\t\t<!-- All in One SEO Pro -->\r\n\t\t<title>4. urbanart biennale in v\u00f6lklingen | URBANPRESENTS<\/title>\n\n","aioseo_head_json":{"title":"4. urbanart biennale in v\u00f6lklingen | URBANPRESENTS","description":"at this year's urbanart biennale in v\u00f6lklingen more than 150 works by 100 international artists are shown.center of the exhibition is the m\u00f6llerhalle, a huge silo facility from the beginning of the twentieth century.the urbanart parcours is located in the 100,000m\u00b2 landscape garden. here you can admire permanent artifacts of vhils and jef aerosol. 1\/ 4. urbanart biennale in v\u00f6lklingen","canonical_url":"https:\/\/www.urbanpresents.net\/en\/2017\/06\/4-urbanart-biennale-in-volklingen\/","robots":"max-image-preview:large","keywords":"david walker,jan kalab,unesco,v\u00f6lkinger h\u00fctte,yz,exhibitions,germany,urban art biennale v\u00f6lklingen,urban travel,v\u00f6lklingen","webmasterTools":{"miscellaneous":""},"schema":{"@context":"https:\/\/schema.org","@graph":[{"@type":"Article","@id":"https:\/\/www.urbanpresents.net\/en\/2017\/06\/4-urbanart-biennale-in-volklingen\/#article","name":"4. urbanart biennale in v\u00f6lklingen | URBANPRESENTS","headline":"4. urbanart biennale in v\u00f6lklingen","author":{"@id":"https:\/\/www.urbanpresents.net\/en\/author\/kersavond\/#author"},"publisher":{"@id":"https:\/\/www.urbanpresents.net\/en\/#organization"},"image":{"@type":"ImageObject","url":"https:\/\/www.urbanpresents.net\/wp-content\/uploads\/2017\/06\/urbanart-biennale-voelklinger-huette-06-2017-00928.jpg","width":1200,"height":800,"caption":"4. urbanart biennale - v\u00f6lklingen"},"datePublished":"2017-06-24T08:43:59+02:00","dateModified":"2025-04-11T12:07:32+02:00","inLanguage":"en-GB","mainEntityOfPage":{"@id":"https:\/\/www.urbanpresents.net\/en\/2017\/06\/4-urbanart-biennale-in-volklingen\/#webpage"},"isPartOf":{"@id":"https:\/\/www.urbanpresents.net\/en\/2017\/06\/4-urbanart-biennale-in-volklingen\/#webpage"},"articleSection":"Exhibitions, Germany, Urban Art Biennale V\u00f6lklingen, Urban Travel, V\u00f6lklingen, david walker, jan kalab, unesco, v\u00f6lkinger h\u00fctte, yz, Optional"},{"@type":"BreadcrumbList","@id":"https:\/\/www.urbanpresents.net\/en\/2017\/06\/4-urbanart-biennale-in-volklingen\/#breadcrumblist","itemListElement":[{"@type":"ListItem","@id":"https:\/\/www.urbanpresents.net\/en\/#listItem","position":1,"name":"Home","item":"https:\/\/www.urbanpresents.net\/en\/","nextItem":{"@type":"ListItem","@id":"https:\/\/www.urbanpresents.net\/en\/category\/urban-travel-en\/#listItem","name":"Urban Travel"}},{"@type":"ListItem","@id":"https:\/\/www.urbanpresents.net\/en\/category\/urban-travel-en\/#listItem","position":2,"name":"Urban Travel","item":"https:\/\/www.urbanpresents.net\/en\/category\/urban-travel-en\/","nextItem":{"@type":"ListItem","@id":"https:\/\/www.urbanpresents.net\/en\/category\/urban-travel-en\/germany\/#listItem","name":"Germany"},"previousItem":{"@type":"ListItem","@id":"https:\/\/www.urbanpresents.net\/en\/#listItem","name":"Home"}},{"@type":"ListItem","@id":"https:\/\/www.urbanpresents.net\/en\/category\/urban-travel-en\/germany\/#listItem","position":3,"name":"Germany","item":"https:\/\/www.urbanpresents.net\/en\/category\/urban-travel-en\/germany\/","nextItem":{"@type":"ListItem","@id":"https:\/\/www.urbanpresents.net\/en\/category\/urban-travel-en\/germany\/volklingen-en\/#listItem","name":"V\u00f6lklingen"},"previousItem":{"@type":"ListItem","@id":"https:\/\/www.urbanpresents.net\/en\/category\/urban-travel-en\/#listItem","name":"Urban Travel"}},{"@type":"ListItem","@id":"https:\/\/www.urbanpresents.net\/en\/category\/urban-travel-en\/germany\/volklingen-en\/#listItem","position":4,"name":"V\u00f6lklingen","item":"https:\/\/www.urbanpresents.net\/en\/category\/urban-travel-en\/germany\/volklingen-en\/","nextItem":{"@type":"ListItem","@id":"https:\/\/www.urbanpresents.net\/en\/2017\/06\/4-urbanart-biennale-in-volklingen\/#listItem","name":"4. urbanart biennale in v\u00f6lklingen"},"previousItem":{"@type":"ListItem","@id":"https:\/\/www.urbanpresents.net\/en\/category\/urban-travel-en\/germany\/#listItem","name":"Germany"}},{"@type":"ListItem","@id":"https:\/\/www.urbanpresents.net\/en\/2017\/06\/4-urbanart-biennale-in-volklingen\/#listItem","position":5,"name":"4. urbanart biennale in v\u00f6lklingen","previousItem":{"@type":"ListItem","@id":"https:\/\/www.urbanpresents.net\/en\/category\/urban-travel-en\/germany\/volklingen-en\/#listItem","name":"V\u00f6lklingen"}}]},{"@type":"Organization","@id":"https:\/\/www.urbanpresents.net\/en\/#organization","name":"UrbanPresents.net","description":"URBANPRESENTS ist ein unabh\u00e4ngiges Online-Magazin und visuelles Archiv f\u00fcr Urban Art, Street Art, Graffiti und Urbex-Fotografie. Seit 2015 dokumentieren wir die fl\u00fcchtige und transformative Kraft urbaner Kreativit\u00e4t durch Fotoreportagen, K\u00fcnstlerportr\u00e4ts und Hintergrundberichte \u2013 mit Fokus auf Berlin, NRW, K\u00f6ln und internationale Hotspots.","url":"https:\/\/www.urbanpresents.net\/en\/","telephone":"+491773429074","logo":{"@type":"ImageObject","url":"https:\/\/www.urbanpresents.net\/wp-content\/uploads\/2026\/02\/UrbanPresents-8.png","@id":"https:\/\/www.urbanpresents.net\/en\/2017\/06\/4-urbanart-biennale-in-volklingen\/#organizationLogo","width":150,"height":150},"image":{"@id":"https:\/\/www.urbanpresents.net\/en\/2017\/06\/4-urbanart-biennale-in-volklingen\/#organizationLogo"},"sameAs":["https:\/\/www.facebook.com\/urbanpresents.net","https:\/\/www.instagram.com\/urbanpresents","https:\/\/www.pinterest.de\/urbanpresents\/_created\/","https:\/\/www.youtube.com\/channel\/UCjGeNX6jqsitUpOXAlu8ITg"]},{"@type":"Person","@id":"https:\/\/www.urbanpresents.net\/en\/author\/kersavond\/#author","url":"https:\/\/www.urbanpresents.net\/en\/author\/kersavond\/","name":"Bart Van Kersavond"},{"@type":"WebPage","@id":"https:\/\/www.urbanpresents.net\/en\/2017\/06\/4-urbanart-biennale-in-volklingen\/#webpage","url":"https:\/\/www.urbanpresents.net\/en\/2017\/06\/4-urbanart-biennale-in-volklingen\/","name":"4. urbanart biennale in v\u00f6lklingen | URBANPRESENTS","description":"at this year's urbanart biennale in v\u00f6lklingen more than 150 works by 100 international artists are shown.center of the exhibition is the m\u00f6llerhalle, a huge silo facility from the beginning of the twentieth century.the urbanart parcours is located in the 100,000m\u00b2 landscape garden. here you can admire permanent artifacts of vhils and jef aerosol. 1\/ 4. urbanart biennale in v\u00f6lklingen","inLanguage":"en-GB","isPartOf":{"@id":"https:\/\/www.urbanpresents.net\/en\/#website"},"breadcrumb":{"@id":"https:\/\/www.urbanpresents.net\/en\/2017\/06\/4-urbanart-biennale-in-volklingen\/#breadcrumblist"},"author":{"@id":"https:\/\/www.urbanpresents.net\/en\/author\/kersavond\/#author"},"creator":{"@id":"https:\/\/www.urbanpresents.net\/en\/author\/kersavond\/#author"},"image":{"@type":"ImageObject","url":"https:\/\/www.urbanpresents.net\/wp-content\/uploads\/2017\/06\/urbanart-biennale-voelklinger-huette-06-2017-00928.jpg","@id":"https:\/\/www.urbanpresents.net\/en\/2017\/06\/4-urbanart-biennale-in-volklingen\/#mainImage","width":1200,"height":800,"caption":"4. urbanart biennale - v\u00f6lklingen"},"primaryImageOfPage":{"@id":"https:\/\/www.urbanpresents.net\/en\/2017\/06\/4-urbanart-biennale-in-volklingen\/#mainImage"},"datePublished":"2017-06-24T08:43:59+02:00","dateModified":"2025-04-11T12:07:32+02:00"},{"@type":"WebSite","@id":"https:\/\/www.urbanpresents.net\/en\/#website","url":"https:\/\/www.urbanpresents.net\/en\/","name":"URBANPRESENTS","description":"streetart \/ urbex \/ graffiti","inLanguage":"en-GB","publisher":{"@id":"https:\/\/www.urbanpresents.net\/en\/#organization"}}]},"og:locale":"en_GB","og:site_name":"urbanpresents","og:type":"article","og:title":"4. urbanart biennale in v\u00f6lklingen | URBANPRESENTS","og:description":"at this year's urbanart biennale in v\u00f6lklingen more than 150 works by 100 international artists are shown.center of the exhibition is the m\u00f6llerhalle, a huge silo facility from the beginning of the twentieth century.the urbanart parcours is located in the 100,000m\u00b2 landscape garden. here you can admire permanent artifacts of vhils and jef aerosol. 1\/ 4. urbanart biennale in v\u00f6lklingen","og:url":"https:\/\/www.urbanpresents.net\/en\/2017\/06\/4-urbanart-biennale-in-volklingen\/","fb:admins":"393988637443703","og:image":"https:\/\/www.urbanpresents.net\/wp-content\/uploads\/2017\/06\/urbanart-biennale-voelklinger-huette-06-2017-00928.jpg","og:image:secure_url":"https:\/\/www.urbanpresents.net\/wp-content\/uploads\/2017\/06\/urbanart-biennale-voelklinger-huette-06-2017-00928.jpg","og:image:width":1200,"og:image:height":800,"article:tag":["david walker","jan kalab","unesco","v\u00f6lkinger h\u00fctte","yz","exhibitions","germany","urban art biennale v\u00f6lklingen","urban travel","v\u00f6lklingen"],"article:published_time":"2017-06-24T06:43:59+00:00","article:modified_time":"2025-04-11T10:07:32+00:00","article:publisher":"https:\/\/www.facebook.com\/urbanpresents.net","twitter:card":"summary","twitter:site":"@urbanpresents","twitter:title":"4. urbanart biennale in v\u00f6lklingen | URBANPRESENTS","twitter:description":"at this year's urbanart biennale in v\u00f6lklingen more than 150 works by 100 international artists are shown.center of the exhibition is the m\u00f6llerhalle, a huge silo facility from the beginning of the twentieth century.the urbanart parcours is located in the 100,000m\u00b2 landscape garden. here you can admire permanent artifacts of vhils and jef aerosol. 1\/ 4. urbanart biennale in v\u00f6lklingen","twitter:image":"https:\/\/www.urbanpresents.net\/wp-content\/uploads\/2017\/06\/urbanart-biennale-voelklinger-huette-06-2017-00928.jpg"},"aioseo_meta_data":{"post_id":"8054","title":"","description":null,"keywords":null,"keyphrases":null,"primary_term":null,"canonical_url":null,"og_title":"","og_description":"","og_object_type":"article","og_image_type":"default","og_image_url":null,"og_image_width":null,"og_image_height":null,"og_image_custom_url":null,"og_image_custom_fields":null,"og_video":"","og_custom_url":null,"og_article_section":"","og_article_tags":"","twitter_use_og":true,"twitter_card":"summary","twitter_image_type":"default","twitter_image_url":null,"twitter_image_custom_url":null,"twitter_image_custom_fields":null,"twitter_title":null,"twitter_description":null,"schema":{"blockGraphs":[],"customGraphs":[],"default":{"data":{"Article":[],"Course":[],"Dataset":[],"FAQPage":[],"Movie":[],"Person":[],"Product":[],"ProductReview":[],"Car":[],"Recipe":[],"Service":[],"SoftwareApplication":[],"WebPage":[]},"graphName":"","isEnabled":true},"graphs":[]},"schema_type":null,"schema_type_options":null,"pillar_content":false,"robots_default":true,"robots_noindex":false,"robots_noarchive":false,"robots_nosnippet":false,"robots_nofollow":false,"robots_noimageindex":false,"robots_noodp":false,"robots_notranslate":false,"robots_max_snippet":null,"robots_max_videopreview":null,"robots_max_imagepreview":"none","priority":null,"frequency":null,"location":null,"local_seo":null,"seo_analyzer_scan_date":"2026-05-13 01:43:09","breadcrumb_settings":null,"limit_modified_date":false,"open_ai":null,"ai":null,"created":"2020-11-14 20:52:35","updated":"2026-05-13 01:43:09","focus_keyword":null,"additional_keywords":null,"truseo_locale":null},"_links":{"self":[{"href":"https:\/\/www.urbanpresents.net\/en\/wp-json\/wp\/v2\/posts\/8054","targetHints":{"allow":["GET"]}}],"collection":[{"href":"https:\/\/www.urbanpresents.net\/en\/wp-json\/wp\/v2\/posts"}],"about":[{"href":"https:\/\/www.urbanpresents.net\/en\/wp-json\/wp\/v2\/types\/post"}],"author":[{"embeddable":true,"href":"https:\/\/www.urbanpresents.net\/en\/wp-json\/wp\/v2\/users\/1"}],"replies":[{"embeddable":true,"href":"https:\/\/www.urbanpresents.net\/en\/wp-json\/wp\/v2\/comments?post=8054"}],"version-history":[{"count":0,"href":"https:\/\/www.urbanpresents.net\/en\/wp-json\/wp\/v2\/posts\/8054\/revisions"}],"wp:featuredmedia":[{"embeddable":true,"href":"https:\/\/www.urbanpresents.net\/en\/wp-json\/wp\/v2\/media\/8043"}],"wp:attachment":[{"href":"https:\/\/www.urbanpresents.net\/en\/wp-json\/wp\/v2\/media?parent=8054"}],"wp:term":[{"taxonomy":"category","embeddable":true,"href":"https:\/\/www.urbanpresents.net\/en\/wp-json\/wp\/v2\/categories?post=8054"},{"taxonomy":"post_tag","embeddable":true,"href":"https:\/\/www.urbanpresents.net\/en\/wp-json\/wp\/v2\/tags?post=8054"}],"curies":[{"name":"wp","href":"https:\/\/api.w.org\/{rel}","templated":true}]}}