{"id":8059,"date":"2017-06-24T08:51:45","date_gmt":"2017-06-24T08:51:45","guid":{"rendered":"https:\/\/www.urbanpresents.net\/?p=8059\/"},"modified":"2019-04-23T21:35:00","modified_gmt":"2019-04-23T21:35:00","slug":"4-urbanart-biennale-in-volklingen-burden-hall","status":"publish","type":"post","link":"https:\/\/www.urbanpresents.net\/en\/2017\/06\/4-urbanart-biennale-in-volklingen-burden-hall\/","title":{"rendered":"4. urbanart biennale in v\u00f6lklingen &#8211; burden hall"},"content":{"rendered":"<p>1\/ <a href=\"https:\/\/www.urbanpresents.net\/en\/2017\/06\/4-urbanart-biennale-in-volklingen\/\">4. urbanart biennale in v\u00f6lklingen &#8211; intro<\/a><a href=\"https:\/\/www.urbanpresents.net\/en\/2017\/06\/4-urbanart-biennale-in-volklingen\/\"><br \/>\n<\/a>2\/ 4. urbanart biennale in v\u00f6lklingen &#8211; burden hall<br \/>\n3\/ <a href=\"https:\/\/www.urbanpresents.net\/en\/2017\/06\/4-urbanart-biennale-in-volklingen-urbanart-parcours\/\">4. urbanart biennale in v\u00f6lklingen &#8211; urbanart parcours<\/a><\/p>\n\n<div uk-grid class=\"uk-child-width-1-3\">\n\n            <div class='uk-text-center'>\n\n            \n            <a href='https:\/\/www.urbanpresents.net\/wp-content\/uploads\/2017\/06\/urbanart-biennale-voelklingen-moellerhalle-06-2017-0654.jpg'><img loading=\"lazy\" decoding=\"async\" width=\"300\" height=\"200\" src=\"https:\/\/www.urbanpresents.net\/wp-content\/uploads\/2017\/06\/urbanart-biennale-voelklingen-moellerhalle-06-2017-0654-300x200.jpg\" class=\"attachment-medium size-medium\" alt=\"david walker &#039;ruth&#039; - 4\" srcset=\"https:\/\/www.urbanpresents.net\/wp-content\/uploads\/2017\/06\/urbanart-biennale-voelklingen-moellerhalle-06-2017-0654-300x200.jpg 300w, https:\/\/www.urbanpresents.net\/wp-content\/uploads\/2017\/06\/urbanart-biennale-voelklingen-moellerhalle-06-2017-0654-768x512.jpg 768w, https:\/\/www.urbanpresents.net\/wp-content\/uploads\/2017\/06\/urbanart-biennale-voelklingen-moellerhalle-06-2017-0654-1024x683.jpg 1024w, https:\/\/www.urbanpresents.net\/wp-content\/uploads\/2017\/06\/urbanart-biennale-voelklingen-moellerhalle-06-2017-0654.jpg 1200w\" sizes=\"(max-width: 300px) 100vw, 300px\" \/><\/a>\n                            <div class='uk-panel uk-padding-small'>david walker &#8216;ruth&#8217; &#8211; 4. urbanart biennale &#8211; v\u00f6lklingen<\/div>\n            \n        <\/div>\n            <div class='uk-text-center'>\n\n            \n            <a href='https:\/\/www.urbanpresents.net\/wp-content\/uploads\/2017\/06\/urbanart-biennale-voelklingen-moellerhalle-06-2017-01082.jpg'><img loading=\"lazy\" decoding=\"async\" width=\"300\" height=\"200\" src=\"https:\/\/www.urbanpresents.net\/wp-content\/uploads\/2017\/06\/urbanart-biennale-voelklingen-moellerhalle-06-2017-01082-300x200.jpg\" class=\"attachment-medium size-medium\" alt=\"david walker &#039;ruth&#039; - 4\" srcset=\"https:\/\/www.urbanpresents.net\/wp-content\/uploads\/2017\/06\/urbanart-biennale-voelklingen-moellerhalle-06-2017-01082-300x200.jpg 300w, https:\/\/www.urbanpresents.net\/wp-content\/uploads\/2017\/06\/urbanart-biennale-voelklingen-moellerhalle-06-2017-01082-768x512.jpg 768w, https:\/\/www.urbanpresents.net\/wp-content\/uploads\/2017\/06\/urbanart-biennale-voelklingen-moellerhalle-06-2017-01082-1024x683.jpg 1024w, https:\/\/www.urbanpresents.net\/wp-content\/uploads\/2017\/06\/urbanart-biennale-voelklingen-moellerhalle-06-2017-01082.jpg 1200w\" sizes=\"(max-width: 300px) 100vw, 300px\" \/><\/a>\n                            <div class='uk-panel uk-padding-small'>david walker &#8216;ruth&#8217; &#8211; 4. urbanart biennale &#8211; v\u00f6lklingen<\/div>\n            \n        <\/div>\n            <div class='uk-text-center'>\n\n            \n            <a href='https:\/\/www.urbanpresents.net\/wp-content\/uploads\/2017\/06\/urbanart-biennale-voelklingen-moellerhalle-06-2017-01058.jpg'><img loading=\"lazy\" decoding=\"async\" width=\"300\" height=\"200\" src=\"https:\/\/www.urbanpresents.net\/wp-content\/uploads\/2017\/06\/urbanart-biennale-voelklingen-moellerhalle-06-2017-01058-300x200.jpg\" class=\"attachment-medium size-medium\" alt=\"thomas baumg\u00e4rtel &#039;usape&#039; - 4\" srcset=\"https:\/\/www.urbanpresents.net\/wp-content\/uploads\/2017\/06\/urbanart-biennale-voelklingen-moellerhalle-06-2017-01058-300x200.jpg 300w, https:\/\/www.urbanpresents.net\/wp-content\/uploads\/2017\/06\/urbanart-biennale-voelklingen-moellerhalle-06-2017-01058-768x512.jpg 768w, https:\/\/www.urbanpresents.net\/wp-content\/uploads\/2017\/06\/urbanart-biennale-voelklingen-moellerhalle-06-2017-01058-1024x683.jpg 1024w, https:\/\/www.urbanpresents.net\/wp-content\/uploads\/2017\/06\/urbanart-biennale-voelklingen-moellerhalle-06-2017-01058.jpg 1200w\" sizes=\"(max-width: 300px) 100vw, 300px\" \/><\/a>\n                            <div class='uk-panel uk-padding-small'>thomas baumg\u00e4rtel &#8216;usape&#8217; &#8211; 4. urbanart biennale &#8211; v\u00f6lklingen<\/div>\n            \n        <\/div>\n            <div class='uk-text-center'>\n\n            \n            <a href='https:\/\/www.urbanpresents.net\/wp-content\/uploads\/2017\/06\/urbanart-biennale-voelklingen-moellerhalle-06-2017-0899.jpg'><img loading=\"lazy\" decoding=\"async\" width=\"300\" height=\"200\" src=\"https:\/\/www.urbanpresents.net\/wp-content\/uploads\/2017\/06\/urbanart-biennale-voelklingen-moellerhalle-06-2017-0899-300x200.jpg\" class=\"attachment-medium size-medium\" alt=\"4\" srcset=\"https:\/\/www.urbanpresents.net\/wp-content\/uploads\/2017\/06\/urbanart-biennale-voelklingen-moellerhalle-06-2017-0899-300x200.jpg 300w, https:\/\/www.urbanpresents.net\/wp-content\/uploads\/2017\/06\/urbanart-biennale-voelklingen-moellerhalle-06-2017-0899-768x512.jpg 768w, https:\/\/www.urbanpresents.net\/wp-content\/uploads\/2017\/06\/urbanart-biennale-voelklingen-moellerhalle-06-2017-0899-1024x683.jpg 1024w, https:\/\/www.urbanpresents.net\/wp-content\/uploads\/2017\/06\/urbanart-biennale-voelklingen-moellerhalle-06-2017-0899.jpg 1200w\" sizes=\"(max-width: 300px) 100vw, 300px\" \/><\/a>\n                            <div class='uk-panel uk-padding-small'>4. urbanart biennale &#8211; v\u00f6lklingen<\/div>\n            \n        <\/div>\n            <div class='uk-text-center'>\n\n            \n            <a href='https:\/\/www.urbanpresents.net\/wp-content\/uploads\/2017\/06\/urbanart-biennale-voelklingen-moellerhalle-06-2017-00904.jpg'><img loading=\"lazy\" decoding=\"async\" width=\"300\" height=\"200\" src=\"https:\/\/www.urbanpresents.net\/wp-content\/uploads\/2017\/06\/urbanart-biennale-voelklingen-moellerhalle-06-2017-00904-300x200.jpg\" class=\"attachment-medium size-medium\" alt=\"thomas baumg\u00e4rtel &#039;hauptportal&#039; - 4\" srcset=\"https:\/\/www.urbanpresents.net\/wp-content\/uploads\/2017\/06\/urbanart-biennale-voelklingen-moellerhalle-06-2017-00904-300x200.jpg 300w, https:\/\/www.urbanpresents.net\/wp-content\/uploads\/2017\/06\/urbanart-biennale-voelklingen-moellerhalle-06-2017-00904-768x512.jpg 768w, https:\/\/www.urbanpresents.net\/wp-content\/uploads\/2017\/06\/urbanart-biennale-voelklingen-moellerhalle-06-2017-00904-1024x683.jpg 1024w, https:\/\/www.urbanpresents.net\/wp-content\/uploads\/2017\/06\/urbanart-biennale-voelklingen-moellerhalle-06-2017-00904.jpg 1200w\" sizes=\"(max-width: 300px) 100vw, 300px\" \/><\/a>\n                            <div class='uk-panel uk-padding-small'>thomas baumg\u00e4rtel &#8216;hauptportal&#8217; &#8211; 4. urbanart biennale &#8211; v\u00f6lklingen<\/div>\n            \n        <\/div>\n            <div class='uk-text-center'>\n\n            \n            <a href='https:\/\/www.urbanpresents.net\/wp-content\/uploads\/2017\/06\/urbanart-biennale-voelklingen-moellerhalle-06-2017-01060.jpg'><img loading=\"lazy\" decoding=\"async\" width=\"300\" height=\"200\" src=\"https:\/\/www.urbanpresents.net\/wp-content\/uploads\/2017\/06\/urbanart-biennale-voelklingen-moellerhalle-06-2017-01060-300x200.jpg\" class=\"attachment-medium size-medium\" alt=\"anders gjennestad &#039;46&#039; - 4\" srcset=\"https:\/\/www.urbanpresents.net\/wp-content\/uploads\/2017\/06\/urbanart-biennale-voelklingen-moellerhalle-06-2017-01060-300x200.jpg 300w, https:\/\/www.urbanpresents.net\/wp-content\/uploads\/2017\/06\/urbanart-biennale-voelklingen-moellerhalle-06-2017-01060-768x512.jpg 768w, https:\/\/www.urbanpresents.net\/wp-content\/uploads\/2017\/06\/urbanart-biennale-voelklingen-moellerhalle-06-2017-01060-1024x683.jpg 1024w, https:\/\/www.urbanpresents.net\/wp-content\/uploads\/2017\/06\/urbanart-biennale-voelklingen-moellerhalle-06-2017-01060.jpg 1200w\" sizes=\"(max-width: 300px) 100vw, 300px\" \/><\/a>\n                            <div class='uk-panel uk-padding-small'>anders gjennestad &#8217;46&#8217; &#8211; 4. urbanart biennale &#8211; v\u00f6lklingen<\/div>\n            \n        <\/div>\n            <div class='uk-text-center'>\n\n            \n            <a href='https:\/\/www.urbanpresents.net\/wp-content\/uploads\/2017\/06\/urbanart-biennale-voelklingen-moellerhalle-06-2017-01063.jpg'><img loading=\"lazy\" decoding=\"async\" width=\"300\" height=\"200\" src=\"https:\/\/www.urbanpresents.net\/wp-content\/uploads\/2017\/06\/urbanart-biennale-voelklingen-moellerhalle-06-2017-01063-300x200.jpg\" class=\"attachment-medium size-medium\" alt=\"eric lacan &#039;black mass&#039; - 4\" srcset=\"https:\/\/www.urbanpresents.net\/wp-content\/uploads\/2017\/06\/urbanart-biennale-voelklingen-moellerhalle-06-2017-01063-300x200.jpg 300w, https:\/\/www.urbanpresents.net\/wp-content\/uploads\/2017\/06\/urbanart-biennale-voelklingen-moellerhalle-06-2017-01063-768x512.jpg 768w, https:\/\/www.urbanpresents.net\/wp-content\/uploads\/2017\/06\/urbanart-biennale-voelklingen-moellerhalle-06-2017-01063-1024x683.jpg 1024w, https:\/\/www.urbanpresents.net\/wp-content\/uploads\/2017\/06\/urbanart-biennale-voelklingen-moellerhalle-06-2017-01063.jpg 1200w\" sizes=\"(max-width: 300px) 100vw, 300px\" \/><\/a>\n                            <div class='uk-panel uk-padding-small'>eric lacan &#8216;black mass&#8217; &#8211; 4. urbanart biennale &#8211; v\u00f6lklingen<\/div>\n            \n        <\/div>\n            <div class='uk-text-center'>\n\n            \n            <a href='https:\/\/www.urbanpresents.net\/wp-content\/uploads\/2017\/06\/urbanart-biennale-voelklingen-moellerhalle-06-2017-01067.jpg'><img loading=\"lazy\" decoding=\"async\" width=\"300\" height=\"200\" src=\"https:\/\/www.urbanpresents.net\/wp-content\/uploads\/2017\/06\/urbanart-biennale-voelklingen-moellerhalle-06-2017-01067-300x200.jpg\" class=\"attachment-medium size-medium\" alt=\"tilt &#039;145 all saints road, st\" srcset=\"https:\/\/www.urbanpresents.net\/wp-content\/uploads\/2017\/06\/urbanart-biennale-voelklingen-moellerhalle-06-2017-01067-300x200.jpg 300w, https:\/\/www.urbanpresents.net\/wp-content\/uploads\/2017\/06\/urbanart-biennale-voelklingen-moellerhalle-06-2017-01067-768x512.jpg 768w, https:\/\/www.urbanpresents.net\/wp-content\/uploads\/2017\/06\/urbanart-biennale-voelklingen-moellerhalle-06-2017-01067-1024x683.jpg 1024w, https:\/\/www.urbanpresents.net\/wp-content\/uploads\/2017\/06\/urbanart-biennale-voelklingen-moellerhalle-06-2017-01067.jpg 1200w\" sizes=\"(max-width: 300px) 100vw, 300px\" \/><\/a>\n                            <div class='uk-panel uk-padding-small'>tilt &#8216;145 all saints road, st. john&#8217;s, antiqua&#8217; &#8211; 4. urbanart biennale &#8211; v\u00f6lklingen<\/div>\n            \n        <\/div>\n            <div class='uk-text-center'>\n\n            \n            <a href='https:\/\/www.urbanpresents.net\/wp-content\/uploads\/2017\/06\/urbanart-biennale-voelklingen-moellerhalle-06-2017-01073.jpg'><img loading=\"lazy\" decoding=\"async\" width=\"300\" height=\"200\" src=\"https:\/\/www.urbanpresents.net\/wp-content\/uploads\/2017\/06\/urbanart-biennale-voelklingen-moellerhalle-06-2017-01073-300x200.jpg\" class=\"attachment-medium size-medium\" alt=\"les francs colleurs - 4\" srcset=\"https:\/\/www.urbanpresents.net\/wp-content\/uploads\/2017\/06\/urbanart-biennale-voelklingen-moellerhalle-06-2017-01073-300x200.jpg 300w, https:\/\/www.urbanpresents.net\/wp-content\/uploads\/2017\/06\/urbanart-biennale-voelklingen-moellerhalle-06-2017-01073-768x512.jpg 768w, https:\/\/www.urbanpresents.net\/wp-content\/uploads\/2017\/06\/urbanart-biennale-voelklingen-moellerhalle-06-2017-01073-1024x683.jpg 1024w, https:\/\/www.urbanpresents.net\/wp-content\/uploads\/2017\/06\/urbanart-biennale-voelklingen-moellerhalle-06-2017-01073.jpg 1200w\" sizes=\"(max-width: 300px) 100vw, 300px\" \/><\/a>\n                            <div class='uk-panel uk-padding-small'>les francs colleurs &#8211; 4. urbanart biennale &#8211; v\u00f6lklingen<\/div>\n            \n        <\/div>\n            <div class='uk-text-center'>\n\n            \n            <a href='https:\/\/www.urbanpresents.net\/wp-content\/uploads\/2017\/06\/urbanart-biennale-voelklingen-moellerhalle-06-2017-01069.jpg'><img loading=\"lazy\" decoding=\"async\" width=\"300\" height=\"200\" src=\"https:\/\/www.urbanpresents.net\/wp-content\/uploads\/2017\/06\/urbanart-biennale-voelklingen-moellerhalle-06-2017-01069-300x200.jpg\" class=\"attachment-medium size-medium\" alt=\"les francs colleurs - 4\" srcset=\"https:\/\/www.urbanpresents.net\/wp-content\/uploads\/2017\/06\/urbanart-biennale-voelklingen-moellerhalle-06-2017-01069-300x200.jpg 300w, https:\/\/www.urbanpresents.net\/wp-content\/uploads\/2017\/06\/urbanart-biennale-voelklingen-moellerhalle-06-2017-01069-768x512.jpg 768w, https:\/\/www.urbanpresents.net\/wp-content\/uploads\/2017\/06\/urbanart-biennale-voelklingen-moellerhalle-06-2017-01069-1024x683.jpg 1024w, https:\/\/www.urbanpresents.net\/wp-content\/uploads\/2017\/06\/urbanart-biennale-voelklingen-moellerhalle-06-2017-01069.jpg 1200w\" sizes=\"(max-width: 300px) 100vw, 300px\" \/><\/a>\n                            <div class='uk-panel uk-padding-small'>les francs colleurs &#8211; 4. urbanart biennale &#8211; v\u00f6lklingen<\/div>\n            \n        <\/div>\n            <div class='uk-text-center'>\n\n            \n            <a href='https:\/\/www.urbanpresents.net\/wp-content\/uploads\/2017\/06\/urbanart-biennale-voelklingen-moellerhalle-06-2017-0900.jpg'><img loading=\"lazy\" decoding=\"async\" width=\"300\" height=\"200\" src=\"https:\/\/www.urbanpresents.net\/wp-content\/uploads\/2017\/06\/urbanart-biennale-voelklingen-moellerhalle-06-2017-0900-300x200.jpg\" class=\"attachment-medium size-medium\" alt=\"les francs colleurs - 4\" srcset=\"https:\/\/www.urbanpresents.net\/wp-content\/uploads\/2017\/06\/urbanart-biennale-voelklingen-moellerhalle-06-2017-0900-300x200.jpg 300w, https:\/\/www.urbanpresents.net\/wp-content\/uploads\/2017\/06\/urbanart-biennale-voelklingen-moellerhalle-06-2017-0900-768x512.jpg 768w, https:\/\/www.urbanpresents.net\/wp-content\/uploads\/2017\/06\/urbanart-biennale-voelklingen-moellerhalle-06-2017-0900-1024x683.jpg 1024w, https:\/\/www.urbanpresents.net\/wp-content\/uploads\/2017\/06\/urbanart-biennale-voelklingen-moellerhalle-06-2017-0900.jpg 1200w\" sizes=\"(max-width: 300px) 100vw, 300px\" \/><\/a>\n                            <div class='uk-panel uk-padding-small'>les francs colleurs &#8211; 4. urbanart biennale &#8211; v\u00f6lklingen<\/div>\n            \n        <\/div>\n            <div class='uk-text-center'>\n\n            \n            <a href='https:\/\/www.urbanpresents.net\/wp-content\/uploads\/2017\/06\/urbanart-biennale-voelklingen-moellerhalle-06-2017-01071.jpg'><img loading=\"lazy\" decoding=\"async\" width=\"300\" height=\"200\" src=\"https:\/\/www.urbanpresents.net\/wp-content\/uploads\/2017\/06\/urbanart-biennale-voelklingen-moellerhalle-06-2017-01071-300x200.jpg\" class=\"attachment-medium size-medium\" alt=\"les francs colleurs - 4\" srcset=\"https:\/\/www.urbanpresents.net\/wp-content\/uploads\/2017\/06\/urbanart-biennale-voelklingen-moellerhalle-06-2017-01071-300x200.jpg 300w, https:\/\/www.urbanpresents.net\/wp-content\/uploads\/2017\/06\/urbanart-biennale-voelklingen-moellerhalle-06-2017-01071-768x512.jpg 768w, https:\/\/www.urbanpresents.net\/wp-content\/uploads\/2017\/06\/urbanart-biennale-voelklingen-moellerhalle-06-2017-01071-1024x683.jpg 1024w, https:\/\/www.urbanpresents.net\/wp-content\/uploads\/2017\/06\/urbanart-biennale-voelklingen-moellerhalle-06-2017-01071.jpg 1200w\" sizes=\"(max-width: 300px) 100vw, 300px\" \/><\/a>\n                            <div class='uk-panel uk-padding-small'>les francs colleurs &#8211; 4. urbanart biennale &#8211; v\u00f6lklingen<\/div>\n            \n        <\/div>\n            <div class='uk-text-center'>\n\n            \n            <a href='https:\/\/www.urbanpresents.net\/wp-content\/uploads\/2017\/06\/urbanart-biennale-voelklingen-moellerhalle-06-2017-01075.jpg'><img loading=\"lazy\" decoding=\"async\" width=\"300\" height=\"200\" src=\"https:\/\/www.urbanpresents.net\/wp-content\/uploads\/2017\/06\/urbanart-biennale-voelklingen-moellerhalle-06-2017-01075-300x200.jpg\" class=\"attachment-medium size-medium\" alt=\"vlady &#039;prove your&#039;re not a robot&#039; - 4\" srcset=\"https:\/\/www.urbanpresents.net\/wp-content\/uploads\/2017\/06\/urbanart-biennale-voelklingen-moellerhalle-06-2017-01075-300x200.jpg 300w, https:\/\/www.urbanpresents.net\/wp-content\/uploads\/2017\/06\/urbanart-biennale-voelklingen-moellerhalle-06-2017-01075-768x512.jpg 768w, https:\/\/www.urbanpresents.net\/wp-content\/uploads\/2017\/06\/urbanart-biennale-voelklingen-moellerhalle-06-2017-01075-1024x683.jpg 1024w, https:\/\/www.urbanpresents.net\/wp-content\/uploads\/2017\/06\/urbanart-biennale-voelklingen-moellerhalle-06-2017-01075.jpg 1200w\" sizes=\"(max-width: 300px) 100vw, 300px\" \/><\/a>\n                            <div class='uk-panel uk-padding-small'>vlady &#8216;prove your&#8217;re not a robot&#8217; &#8211; 4. urbanart biennale &#8211; v\u00f6lklingen<\/div>\n            \n        <\/div>\n            <div class='uk-text-center'>\n\n            \n            <a href='https:\/\/www.urbanpresents.net\/wp-content\/uploads\/2017\/06\/urbanart-biennale-voelklingen-moellerhalle-06-2017-01081.jpg'><img loading=\"lazy\" decoding=\"async\" width=\"300\" height=\"200\" src=\"https:\/\/www.urbanpresents.net\/wp-content\/uploads\/2017\/06\/urbanart-biennale-voelklingen-moellerhalle-06-2017-01081-300x200.jpg\" class=\"attachment-medium size-medium\" alt=\"jef aerosol &#039;basquiat&#039; - 4\" srcset=\"https:\/\/www.urbanpresents.net\/wp-content\/uploads\/2017\/06\/urbanart-biennale-voelklingen-moellerhalle-06-2017-01081-300x200.jpg 300w, https:\/\/www.urbanpresents.net\/wp-content\/uploads\/2017\/06\/urbanart-biennale-voelklingen-moellerhalle-06-2017-01081-768x512.jpg 768w, https:\/\/www.urbanpresents.net\/wp-content\/uploads\/2017\/06\/urbanart-biennale-voelklingen-moellerhalle-06-2017-01081-1024x683.jpg 1024w, https:\/\/www.urbanpresents.net\/wp-content\/uploads\/2017\/06\/urbanart-biennale-voelklingen-moellerhalle-06-2017-01081.jpg 1200w\" sizes=\"(max-width: 300px) 100vw, 300px\" \/><\/a>\n                            <div class='uk-panel uk-padding-small'>jef aerosol &#8216;basquiat&#8217; &#8211; 4. urbanart biennale &#8211; v\u00f6lklingen<\/div>\n            \n        <\/div>\n            <div class='uk-text-center'>\n\n            \n            <a href='https:\/\/www.urbanpresents.net\/wp-content\/uploads\/2017\/06\/urbanart-biennale-voelklingen-moellerhalle-06-2017-00896.jpg'><img loading=\"lazy\" decoding=\"async\" width=\"300\" height=\"200\" src=\"https:\/\/www.urbanpresents.net\/wp-content\/uploads\/2017\/06\/urbanart-biennale-voelklingen-moellerhalle-06-2017-00896-300x200.jpg\" class=\"attachment-medium size-medium\" alt=\"jef aerosol &#039;black is beautifull&#039;- 4\" srcset=\"https:\/\/www.urbanpresents.net\/wp-content\/uploads\/2017\/06\/urbanart-biennale-voelklingen-moellerhalle-06-2017-00896-300x200.jpg 300w, https:\/\/www.urbanpresents.net\/wp-content\/uploads\/2017\/06\/urbanart-biennale-voelklingen-moellerhalle-06-2017-00896-768x512.jpg 768w, https:\/\/www.urbanpresents.net\/wp-content\/uploads\/2017\/06\/urbanart-biennale-voelklingen-moellerhalle-06-2017-00896-1024x683.jpg 1024w, https:\/\/www.urbanpresents.net\/wp-content\/uploads\/2017\/06\/urbanart-biennale-voelklingen-moellerhalle-06-2017-00896.jpg 1200w\" sizes=\"(max-width: 300px) 100vw, 300px\" \/><\/a>\n                            <div class='uk-panel uk-padding-small'>jef aerosol &#8216;black is beautifull&#8217;- 4. urbanart biennale &#8211; v\u00f6lklingen<\/div>\n            \n        <\/div>\n            <div class='uk-text-center'>\n\n            \n            <a href='https:\/\/www.urbanpresents.net\/wp-content\/uploads\/2017\/06\/urbanart-biennale-voelklingen-moellerhalle-06-2017-0898.jpg'><img loading=\"lazy\" decoding=\"async\" width=\"300\" height=\"200\" src=\"https:\/\/www.urbanpresents.net\/wp-content\/uploads\/2017\/06\/urbanart-biennale-voelklingen-moellerhalle-06-2017-0898-300x200.jpg\" class=\"attachment-medium size-medium\" alt=\"shepard fairey &#039;defend dignity&#039; - 4\" srcset=\"https:\/\/www.urbanpresents.net\/wp-content\/uploads\/2017\/06\/urbanart-biennale-voelklingen-moellerhalle-06-2017-0898-300x200.jpg 300w, https:\/\/www.urbanpresents.net\/wp-content\/uploads\/2017\/06\/urbanart-biennale-voelklingen-moellerhalle-06-2017-0898-768x512.jpg 768w, https:\/\/www.urbanpresents.net\/wp-content\/uploads\/2017\/06\/urbanart-biennale-voelklingen-moellerhalle-06-2017-0898-1024x683.jpg 1024w, https:\/\/www.urbanpresents.net\/wp-content\/uploads\/2017\/06\/urbanart-biennale-voelklingen-moellerhalle-06-2017-0898.jpg 1200w\" sizes=\"(max-width: 300px) 100vw, 300px\" \/><\/a>\n                            <div class='uk-panel uk-padding-small'>shepard fairey &#8216;defend dignity&#8217; &#8211; 4. urbanart biennale &#8211; v\u00f6lklingen<\/div>\n            \n        <\/div>\n            <div class='uk-text-center'>\n\n            \n            <a href='https:\/\/www.urbanpresents.net\/wp-content\/uploads\/2017\/06\/urbanart-biennale-voelklingen-moellerhalle-06-2017-00908.jpg'><img loading=\"lazy\" decoding=\"async\" width=\"300\" height=\"200\" src=\"https:\/\/www.urbanpresents.net\/wp-content\/uploads\/2017\/06\/urbanart-biennale-voelklingen-moellerhalle-06-2017-00908-300x200.jpg\" class=\"attachment-medium size-medium\" alt=\"shepard fairey &#039;are greater then fear&#039; - 4\" srcset=\"https:\/\/www.urbanpresents.net\/wp-content\/uploads\/2017\/06\/urbanart-biennale-voelklingen-moellerhalle-06-2017-00908-300x200.jpg 300w, https:\/\/www.urbanpresents.net\/wp-content\/uploads\/2017\/06\/urbanart-biennale-voelklingen-moellerhalle-06-2017-00908-768x512.jpg 768w, https:\/\/www.urbanpresents.net\/wp-content\/uploads\/2017\/06\/urbanart-biennale-voelklingen-moellerhalle-06-2017-00908-1024x683.jpg 1024w, https:\/\/www.urbanpresents.net\/wp-content\/uploads\/2017\/06\/urbanart-biennale-voelklingen-moellerhalle-06-2017-00908.jpg 1200w\" sizes=\"(max-width: 300px) 100vw, 300px\" \/><\/a>\n                            <div class='uk-panel uk-padding-small'>shepard fairey &#8216;are greater then fear&#8217; &#8211; 4. urbanart biennale &#8211; v\u00f6lklingen<\/div>\n            \n        <\/div>\n            <div class='uk-text-center'>\n\n            \n            <a href='https:\/\/www.urbanpresents.net\/wp-content\/uploads\/2017\/06\/urbanart-biennale-voelklingen-moellerhalle-06-2017-01078.jpg'><img loading=\"lazy\" decoding=\"async\" width=\"300\" height=\"200\" src=\"https:\/\/www.urbanpresents.net\/wp-content\/uploads\/2017\/06\/urbanart-biennale-voelklingen-moellerhalle-06-2017-01078-300x200.jpg\" class=\"attachment-medium size-medium\" alt=\"shepard fairey &#039;protect each other&#039; - 4\" srcset=\"https:\/\/www.urbanpresents.net\/wp-content\/uploads\/2017\/06\/urbanart-biennale-voelklingen-moellerhalle-06-2017-01078-300x200.jpg 300w, https:\/\/www.urbanpresents.net\/wp-content\/uploads\/2017\/06\/urbanart-biennale-voelklingen-moellerhalle-06-2017-01078-768x512.jpg 768w, https:\/\/www.urbanpresents.net\/wp-content\/uploads\/2017\/06\/urbanart-biennale-voelklingen-moellerhalle-06-2017-01078-1024x683.jpg 1024w, https:\/\/www.urbanpresents.net\/wp-content\/uploads\/2017\/06\/urbanart-biennale-voelklingen-moellerhalle-06-2017-01078.jpg 1200w\" sizes=\"(max-width: 300px) 100vw, 300px\" \/><\/a>\n                            <div class='uk-panel uk-padding-small'>shepard fairey &#8216;protect each other&#8217; &#8211; 4. urbanart biennale &#8211; v\u00f6lklingen<\/div>\n            \n        <\/div>\n            <div class='uk-text-center'>\n\n            \n            <a href='https:\/\/www.urbanpresents.net\/wp-content\/uploads\/2017\/06\/urbanart-biennale-voelklingen-moellerhalle-06-2017-00912.jpg'><img loading=\"lazy\" decoding=\"async\" width=\"300\" height=\"200\" src=\"https:\/\/www.urbanpresents.net\/wp-content\/uploads\/2017\/06\/urbanart-biennale-voelklingen-moellerhalle-06-2017-00912-300x200.jpg\" class=\"attachment-medium size-medium\" alt=\"blade &#039;florida faze space climax&#039; - 4\" srcset=\"https:\/\/www.urbanpresents.net\/wp-content\/uploads\/2017\/06\/urbanart-biennale-voelklingen-moellerhalle-06-2017-00912-300x200.jpg 300w, https:\/\/www.urbanpresents.net\/wp-content\/uploads\/2017\/06\/urbanart-biennale-voelklingen-moellerhalle-06-2017-00912-768x512.jpg 768w, https:\/\/www.urbanpresents.net\/wp-content\/uploads\/2017\/06\/urbanart-biennale-voelklingen-moellerhalle-06-2017-00912-1024x683.jpg 1024w, https:\/\/www.urbanpresents.net\/wp-content\/uploads\/2017\/06\/urbanart-biennale-voelklingen-moellerhalle-06-2017-00912.jpg 1200w\" sizes=\"(max-width: 300px) 100vw, 300px\" \/><\/a>\n                            <div class='uk-panel uk-padding-small'>blade &#8216;florida faze space climax&#8217; &#8211; 4. urbanart biennale &#8211; v\u00f6lklingen<\/div>\n            \n        <\/div>\n            <div class='uk-text-center'>\n\n            \n            <a href='https:\/\/www.urbanpresents.net\/wp-content\/uploads\/2017\/06\/urbanart-biennale-voelklingen-moellerhalle-06-2017-01131.jpg'><img loading=\"lazy\" decoding=\"async\" width=\"300\" height=\"200\" src=\"https:\/\/www.urbanpresents.net\/wp-content\/uploads\/2017\/06\/urbanart-biennale-voelklingen-moellerhalle-06-2017-01131-300x200.jpg\" class=\"attachment-medium size-medium\" alt=\"jef aerosol &#039;basquiat&#039; - 4\" srcset=\"https:\/\/www.urbanpresents.net\/wp-content\/uploads\/2017\/06\/urbanart-biennale-voelklingen-moellerhalle-06-2017-01131-300x200.jpg 300w, https:\/\/www.urbanpresents.net\/wp-content\/uploads\/2017\/06\/urbanart-biennale-voelklingen-moellerhalle-06-2017-01131-768x512.jpg 768w, https:\/\/www.urbanpresents.net\/wp-content\/uploads\/2017\/06\/urbanart-biennale-voelklingen-moellerhalle-06-2017-01131-1024x683.jpg 1024w, https:\/\/www.urbanpresents.net\/wp-content\/uploads\/2017\/06\/urbanart-biennale-voelklingen-moellerhalle-06-2017-01131.jpg 1200w\" sizes=\"(max-width: 300px) 100vw, 300px\" \/><\/a>\n                            <div class='uk-panel uk-padding-small'>4. urbanart biennale &#8211; v\u00f6lklingen<\/div>\n            \n        <\/div>\n            <div class='uk-text-center'>\n\n            \n            <a href='https:\/\/www.urbanpresents.net\/wp-content\/uploads\/2017\/06\/urbanart-biennale-voelklingen-moellerhalle-06-2017-01085.jpg'><img loading=\"lazy\" decoding=\"async\" width=\"300\" height=\"200\" src=\"https:\/\/www.urbanpresents.net\/wp-content\/uploads\/2017\/06\/urbanart-biennale-voelklingen-moellerhalle-06-2017-01085-300x200.jpg\" class=\"attachment-medium size-medium\" alt=\"jace - 4\" srcset=\"https:\/\/www.urbanpresents.net\/wp-content\/uploads\/2017\/06\/urbanart-biennale-voelklingen-moellerhalle-06-2017-01085-300x200.jpg 300w, https:\/\/www.urbanpresents.net\/wp-content\/uploads\/2017\/06\/urbanart-biennale-voelklingen-moellerhalle-06-2017-01085-768x512.jpg 768w, https:\/\/www.urbanpresents.net\/wp-content\/uploads\/2017\/06\/urbanart-biennale-voelklingen-moellerhalle-06-2017-01085-1024x683.jpg 1024w, https:\/\/www.urbanpresents.net\/wp-content\/uploads\/2017\/06\/urbanart-biennale-voelklingen-moellerhalle-06-2017-01085.jpg 1200w\" sizes=\"(max-width: 300px) 100vw, 300px\" \/><\/a>\n                            <div class='uk-panel uk-padding-small'>jace &#8211; 4. urbanart biennale &#8211; v\u00f6lklingen<\/div>\n            \n        <\/div>\n            <div class='uk-text-center'>\n\n            \n            <a href='https:\/\/www.urbanpresents.net\/wp-content\/uploads\/2017\/06\/urbanart-biennale-voelklingen-moellerhalle-06-2017-01087.jpg'><img loading=\"lazy\" decoding=\"async\" width=\"300\" height=\"200\" src=\"https:\/\/www.urbanpresents.net\/wp-content\/uploads\/2017\/06\/urbanart-biennale-voelklingen-moellerhalle-06-2017-01087-300x200.jpg\" class=\"attachment-medium size-medium\" alt=\"buff monster &#039;the seven deadly sins&#039; - 4\" srcset=\"https:\/\/www.urbanpresents.net\/wp-content\/uploads\/2017\/06\/urbanart-biennale-voelklingen-moellerhalle-06-2017-01087-300x200.jpg 300w, https:\/\/www.urbanpresents.net\/wp-content\/uploads\/2017\/06\/urbanart-biennale-voelklingen-moellerhalle-06-2017-01087-768x512.jpg 768w, https:\/\/www.urbanpresents.net\/wp-content\/uploads\/2017\/06\/urbanart-biennale-voelklingen-moellerhalle-06-2017-01087-1024x683.jpg 1024w, https:\/\/www.urbanpresents.net\/wp-content\/uploads\/2017\/06\/urbanart-biennale-voelklingen-moellerhalle-06-2017-01087.jpg 1200w\" sizes=\"(max-width: 300px) 100vw, 300px\" \/><\/a>\n                            <div class='uk-panel uk-padding-small'>buff monster &#8216;the seven deadly sins&#8217; &#8211; 4. urbanart biennale &#8211; v\u00f6lklingen<\/div>\n            \n        <\/div>\n            <div class='uk-text-center'>\n\n            \n            <a href='https:\/\/www.urbanpresents.net\/wp-content\/uploads\/2017\/06\/urbanart-biennale-voelklingen-moellerhalle-06-2017-01089.jpg'><img loading=\"lazy\" decoding=\"async\" width=\"300\" height=\"200\" src=\"https:\/\/www.urbanpresents.net\/wp-content\/uploads\/2017\/06\/urbanart-biennale-voelklingen-moellerhalle-06-2017-01089-300x200.jpg\" class=\"attachment-medium size-medium\" alt=\"bla &#039;pingui lips stik&#039; - 4\" srcset=\"https:\/\/www.urbanpresents.net\/wp-content\/uploads\/2017\/06\/urbanart-biennale-voelklingen-moellerhalle-06-2017-01089-300x200.jpg 300w, https:\/\/www.urbanpresents.net\/wp-content\/uploads\/2017\/06\/urbanart-biennale-voelklingen-moellerhalle-06-2017-01089-768x512.jpg 768w, https:\/\/www.urbanpresents.net\/wp-content\/uploads\/2017\/06\/urbanart-biennale-voelklingen-moellerhalle-06-2017-01089-1024x683.jpg 1024w, https:\/\/www.urbanpresents.net\/wp-content\/uploads\/2017\/06\/urbanart-biennale-voelklingen-moellerhalle-06-2017-01089.jpg 1200w\" sizes=\"(max-width: 300px) 100vw, 300px\" \/><\/a>\n                            <div class='uk-panel uk-padding-small'>bla &#8216;pingui lips stik&#8217; &#8211; 4. urbanart biennale &#8211; v\u00f6lklingen<\/div>\n            \n        <\/div>\n            <div class='uk-text-center'>\n\n            \n            <a href='https:\/\/www.urbanpresents.net\/wp-content\/uploads\/2017\/06\/urbanart-biennale-voelklingen-moellerhalle-06-2017-01136.jpg'><img loading=\"lazy\" decoding=\"async\" width=\"300\" height=\"200\" src=\"https:\/\/www.urbanpresents.net\/wp-content\/uploads\/2017\/06\/urbanart-biennale-voelklingen-moellerhalle-06-2017-01136-300x200.jpg\" class=\"attachment-medium size-medium\" alt=\"jan kalab &#039;oberkampf&#039; - 4\" srcset=\"https:\/\/www.urbanpresents.net\/wp-content\/uploads\/2017\/06\/urbanart-biennale-voelklingen-moellerhalle-06-2017-01136-300x200.jpg 300w, https:\/\/www.urbanpresents.net\/wp-content\/uploads\/2017\/06\/urbanart-biennale-voelklingen-moellerhalle-06-2017-01136-768x512.jpg 768w, https:\/\/www.urbanpresents.net\/wp-content\/uploads\/2017\/06\/urbanart-biennale-voelklingen-moellerhalle-06-2017-01136-1024x683.jpg 1024w, https:\/\/www.urbanpresents.net\/wp-content\/uploads\/2017\/06\/urbanart-biennale-voelklingen-moellerhalle-06-2017-01136.jpg 1200w\" sizes=\"(max-width: 300px) 100vw, 300px\" \/><\/a>\n                            <div class='uk-panel uk-padding-small'>jan kalab &#8216;oberkampf&#8217; &#8211; 4. urbanart biennale &#8211; v\u00f6lklingen<\/div>\n            \n        <\/div>\n            <div class='uk-text-center'>\n\n            \n            <a href='https:\/\/www.urbanpresents.net\/wp-content\/uploads\/2017\/06\/urbanart-biennale-voelklingen-moellerhalle-06-2017-0688.jpg'><img loading=\"lazy\" decoding=\"async\" width=\"300\" height=\"200\" src=\"https:\/\/www.urbanpresents.net\/wp-content\/uploads\/2017\/06\/urbanart-biennale-voelklingen-moellerhalle-06-2017-0688-300x200.jpg\" class=\"attachment-medium size-medium\" alt=\"jan kalab &#039;oberkampf&#039; - 4\" srcset=\"https:\/\/www.urbanpresents.net\/wp-content\/uploads\/2017\/06\/urbanart-biennale-voelklingen-moellerhalle-06-2017-0688-300x200.jpg 300w, https:\/\/www.urbanpresents.net\/wp-content\/uploads\/2017\/06\/urbanart-biennale-voelklingen-moellerhalle-06-2017-0688-768x512.jpg 768w, https:\/\/www.urbanpresents.net\/wp-content\/uploads\/2017\/06\/urbanart-biennale-voelklingen-moellerhalle-06-2017-0688-1024x683.jpg 1024w, https:\/\/www.urbanpresents.net\/wp-content\/uploads\/2017\/06\/urbanart-biennale-voelklingen-moellerhalle-06-2017-0688.jpg 1200w\" sizes=\"(max-width: 300px) 100vw, 300px\" \/><\/a>\n                            <div class='uk-panel uk-padding-small'>jan kalab &#8216;oberkampf&#8217; &#8211; 4. urbanart biennale &#8211; v\u00f6lklingen<\/div>\n            \n        <\/div>\n            <div class='uk-text-center'>\n\n            \n            <a href='https:\/\/www.urbanpresents.net\/wp-content\/uploads\/2017\/06\/urbanart-biennale-voelklingen-moellerhalle-06-2017-0681.jpg'><img loading=\"lazy\" decoding=\"async\" width=\"300\" height=\"200\" src=\"https:\/\/www.urbanpresents.net\/wp-content\/uploads\/2017\/06\/urbanart-biennale-voelklingen-moellerhalle-06-2017-0681-300x200.jpg\" class=\"attachment-medium size-medium\" alt=\"shaka &#039;onde de choc 10&#039; - 4\" srcset=\"https:\/\/www.urbanpresents.net\/wp-content\/uploads\/2017\/06\/urbanart-biennale-voelklingen-moellerhalle-06-2017-0681-300x200.jpg 300w, https:\/\/www.urbanpresents.net\/wp-content\/uploads\/2017\/06\/urbanart-biennale-voelklingen-moellerhalle-06-2017-0681-768x512.jpg 768w, https:\/\/www.urbanpresents.net\/wp-content\/uploads\/2017\/06\/urbanart-biennale-voelklingen-moellerhalle-06-2017-0681-1024x683.jpg 1024w, https:\/\/www.urbanpresents.net\/wp-content\/uploads\/2017\/06\/urbanart-biennale-voelklingen-moellerhalle-06-2017-0681.jpg 1200w\" sizes=\"(max-width: 300px) 100vw, 300px\" \/><\/a>\n                            <div class='uk-panel uk-padding-small'>shaka &#8216;onde de choc 10&#8217; &#8211; 4. urbanart biennale &#8211; v\u00f6lklingen<\/div>\n            \n        <\/div>\n            <div class='uk-text-center'>\n\n            \n            <a href='https:\/\/www.urbanpresents.net\/wp-content\/uploads\/2017\/06\/urbanart-biennale-voelklingen-moellerhalle-06-2017-01091.jpg'><img loading=\"lazy\" decoding=\"async\" width=\"300\" height=\"200\" src=\"https:\/\/www.urbanpresents.net\/wp-content\/uploads\/2017\/06\/urbanart-biennale-voelklingen-moellerhalle-06-2017-01091-300x200.jpg\" class=\"attachment-medium size-medium\" alt=\"satone &#039;can&#039;t stand still&#039; - 4\" srcset=\"https:\/\/www.urbanpresents.net\/wp-content\/uploads\/2017\/06\/urbanart-biennale-voelklingen-moellerhalle-06-2017-01091-300x200.jpg 300w, https:\/\/www.urbanpresents.net\/wp-content\/uploads\/2017\/06\/urbanart-biennale-voelklingen-moellerhalle-06-2017-01091-768x512.jpg 768w, https:\/\/www.urbanpresents.net\/wp-content\/uploads\/2017\/06\/urbanart-biennale-voelklingen-moellerhalle-06-2017-01091-1024x683.jpg 1024w, https:\/\/www.urbanpresents.net\/wp-content\/uploads\/2017\/06\/urbanart-biennale-voelklingen-moellerhalle-06-2017-01091.jpg 1200w\" sizes=\"(max-width: 300px) 100vw, 300px\" \/><\/a>\n                            <div class='uk-panel uk-padding-small'>satone &#8216;can&#8217;t stand still&#8217; &#8211; 4. urbanart biennale &#8211; v\u00f6lklingen<\/div>\n            \n        <\/div>\n            <div class='uk-text-center'>\n\n            \n            <a href='https:\/\/www.urbanpresents.net\/wp-content\/uploads\/2017\/06\/urbanart-biennale-voelklingen-moellerhalle-06-2017-01098.jpg'><img loading=\"lazy\" decoding=\"async\" width=\"300\" height=\"200\" src=\"https:\/\/www.urbanpresents.net\/wp-content\/uploads\/2017\/06\/urbanart-biennale-voelklingen-moellerhalle-06-2017-01098-300x200.jpg\" class=\"attachment-medium size-medium\" alt=\"herakut &#039;please love me&#039;- 4\" srcset=\"https:\/\/www.urbanpresents.net\/wp-content\/uploads\/2017\/06\/urbanart-biennale-voelklingen-moellerhalle-06-2017-01098-300x200.jpg 300w, https:\/\/www.urbanpresents.net\/wp-content\/uploads\/2017\/06\/urbanart-biennale-voelklingen-moellerhalle-06-2017-01098-768x512.jpg 768w, https:\/\/www.urbanpresents.net\/wp-content\/uploads\/2017\/06\/urbanart-biennale-voelklingen-moellerhalle-06-2017-01098-1024x683.jpg 1024w, https:\/\/www.urbanpresents.net\/wp-content\/uploads\/2017\/06\/urbanart-biennale-voelklingen-moellerhalle-06-2017-01098.jpg 1200w\" sizes=\"(max-width: 300px) 100vw, 300px\" \/><\/a>\n                            <div class='uk-panel uk-padding-small'>herakut &#8216;please love me&#8217;- 4. urbanart biennale &#8211; v\u00f6lklingen<\/div>\n            \n        <\/div>\n            <div class='uk-text-center'>\n\n            \n            <a href='https:\/\/www.urbanpresents.net\/wp-content\/uploads\/2017\/06\/urbanart-biennale-voelklingen-moellerhalle-06-2017-01095.jpg'><img loading=\"lazy\" decoding=\"async\" width=\"300\" height=\"200\" src=\"https:\/\/www.urbanpresents.net\/wp-content\/uploads\/2017\/06\/urbanart-biennale-voelklingen-moellerhalle-06-2017-01095-300x200.jpg\" class=\"attachment-medium size-medium\" alt=\"herakut &#039;please love me&#039;- 4\" srcset=\"https:\/\/www.urbanpresents.net\/wp-content\/uploads\/2017\/06\/urbanart-biennale-voelklingen-moellerhalle-06-2017-01095-300x200.jpg 300w, https:\/\/www.urbanpresents.net\/wp-content\/uploads\/2017\/06\/urbanart-biennale-voelklingen-moellerhalle-06-2017-01095-768x511.jpg 768w, https:\/\/www.urbanpresents.net\/wp-content\/uploads\/2017\/06\/urbanart-biennale-voelklingen-moellerhalle-06-2017-01095-1024x682.jpg 1024w, https:\/\/www.urbanpresents.net\/wp-content\/uploads\/2017\/06\/urbanart-biennale-voelklingen-moellerhalle-06-2017-01095.jpg 1200w\" sizes=\"(max-width: 300px) 100vw, 300px\" \/><\/a>\n                            <div class='uk-panel uk-padding-small'>herakut &#8216;please love me&#8217;- 4. urbanart biennale &#8211; v\u00f6lklingen<\/div>\n            \n        <\/div>\n            <div class='uk-text-center'>\n\n            \n            <a href='https:\/\/www.urbanpresents.net\/wp-content\/uploads\/2017\/06\/urbanart-biennale-voelklingen-moellerhalle-06-2017-01103.jpg'><img loading=\"lazy\" decoding=\"async\" width=\"300\" height=\"200\" src=\"https:\/\/www.urbanpresents.net\/wp-content\/uploads\/2017\/06\/urbanart-biennale-voelklingen-moellerhalle-06-2017-01103-300x200.jpg\" class=\"attachment-medium size-medium\" alt=\"dzia &#039;gold fox&#039; - 4\" srcset=\"https:\/\/www.urbanpresents.net\/wp-content\/uploads\/2017\/06\/urbanart-biennale-voelklingen-moellerhalle-06-2017-01103-300x200.jpg 300w, https:\/\/www.urbanpresents.net\/wp-content\/uploads\/2017\/06\/urbanart-biennale-voelklingen-moellerhalle-06-2017-01103-768x512.jpg 768w, https:\/\/www.urbanpresents.net\/wp-content\/uploads\/2017\/06\/urbanart-biennale-voelklingen-moellerhalle-06-2017-01103-1024x683.jpg 1024w, https:\/\/www.urbanpresents.net\/wp-content\/uploads\/2017\/06\/urbanart-biennale-voelklingen-moellerhalle-06-2017-01103.jpg 1200w\" sizes=\"(max-width: 300px) 100vw, 300px\" \/><\/a>\n                            <div class='uk-panel uk-padding-small'>dzia &#8216;gold fox&#8217; &#8211; 4. urbanart biennale &#8211; v\u00f6lklingen<\/div>\n            \n        <\/div>\n            <div class='uk-text-center'>\n\n            \n            <a href='https:\/\/www.urbanpresents.net\/wp-content\/uploads\/2017\/06\/urbanart-biennale-voelklingen-moellerhalle-06-2017-01100.jpg'><img loading=\"lazy\" decoding=\"async\" width=\"300\" height=\"200\" src=\"https:\/\/www.urbanpresents.net\/wp-content\/uploads\/2017\/06\/urbanart-biennale-voelklingen-moellerhalle-06-2017-01100-300x200.jpg\" class=\"attachment-medium size-medium\" alt=\"dzia &#039;gold fox&#039; - 4\" srcset=\"https:\/\/www.urbanpresents.net\/wp-content\/uploads\/2017\/06\/urbanart-biennale-voelklingen-moellerhalle-06-2017-01100-300x200.jpg 300w, https:\/\/www.urbanpresents.net\/wp-content\/uploads\/2017\/06\/urbanart-biennale-voelklingen-moellerhalle-06-2017-01100-768x512.jpg 768w, https:\/\/www.urbanpresents.net\/wp-content\/uploads\/2017\/06\/urbanart-biennale-voelklingen-moellerhalle-06-2017-01100-1024x683.jpg 1024w, https:\/\/www.urbanpresents.net\/wp-content\/uploads\/2017\/06\/urbanart-biennale-voelklingen-moellerhalle-06-2017-01100.jpg 1200w\" sizes=\"(max-width: 300px) 100vw, 300px\" \/><\/a>\n                            <div class='uk-panel uk-padding-small'>dzia &#8216;gold fox&#8217; &#8211; 4. urbanart biennale &#8211; v\u00f6lklingen<\/div>\n            \n        <\/div>\n            <div class='uk-text-center'>\n\n            \n            <a href='https:\/\/www.urbanpresents.net\/wp-content\/uploads\/2017\/06\/urbanart-biennale-voelklingen-moellerhalle-06-2017-01104.jpg'><img loading=\"lazy\" decoding=\"async\" width=\"300\" height=\"200\" src=\"https:\/\/www.urbanpresents.net\/wp-content\/uploads\/2017\/06\/urbanart-biennale-voelklingen-moellerhalle-06-2017-01104-300x200.jpg\" class=\"attachment-medium size-medium\" alt=\"tanc &#039;lyrics&#039; - 4\" srcset=\"https:\/\/www.urbanpresents.net\/wp-content\/uploads\/2017\/06\/urbanart-biennale-voelklingen-moellerhalle-06-2017-01104-300x200.jpg 300w, https:\/\/www.urbanpresents.net\/wp-content\/uploads\/2017\/06\/urbanart-biennale-voelklingen-moellerhalle-06-2017-01104-768x512.jpg 768w, https:\/\/www.urbanpresents.net\/wp-content\/uploads\/2017\/06\/urbanart-biennale-voelklingen-moellerhalle-06-2017-01104-1024x683.jpg 1024w, https:\/\/www.urbanpresents.net\/wp-content\/uploads\/2017\/06\/urbanart-biennale-voelklingen-moellerhalle-06-2017-01104.jpg 1200w\" sizes=\"(max-width: 300px) 100vw, 300px\" \/><\/a>\n                            <div class='uk-panel uk-padding-small'>tanc &#8216;lyrics&#8217; &#8211; 4. urbanart biennale &#8211; v\u00f6lklingen<\/div>\n            \n        <\/div>\n            <div class='uk-text-center'>\n\n            \n            <a href='https:\/\/www.urbanpresents.net\/wp-content\/uploads\/2017\/06\/urbanart-biennale-voelklingen-moellerhalle-06-2017-01105.jpg'><img loading=\"lazy\" decoding=\"async\" width=\"300\" height=\"200\" src=\"https:\/\/www.urbanpresents.net\/wp-content\/uploads\/2017\/06\/urbanart-biennale-voelklingen-moellerhalle-06-2017-01105-300x200.jpg\" class=\"attachment-medium size-medium\" alt=\"tanc &#039;lyrics&#039; - 4\" srcset=\"https:\/\/www.urbanpresents.net\/wp-content\/uploads\/2017\/06\/urbanart-biennale-voelklingen-moellerhalle-06-2017-01105-300x200.jpg 300w, https:\/\/www.urbanpresents.net\/wp-content\/uploads\/2017\/06\/urbanart-biennale-voelklingen-moellerhalle-06-2017-01105-768x512.jpg 768w, https:\/\/www.urbanpresents.net\/wp-content\/uploads\/2017\/06\/urbanart-biennale-voelklingen-moellerhalle-06-2017-01105-1024x683.jpg 1024w, https:\/\/www.urbanpresents.net\/wp-content\/uploads\/2017\/06\/urbanart-biennale-voelklingen-moellerhalle-06-2017-01105.jpg 1200w\" sizes=\"(max-width: 300px) 100vw, 300px\" \/><\/a>\n                            <div class='uk-panel uk-padding-small'>tanc &#8216;lyrics&#8217; &#8211; 4. urbanart biennale &#8211; v\u00f6lklingen<\/div>\n            \n        <\/div>\n            <div class='uk-text-center'>\n\n            \n            <a href='https:\/\/www.urbanpresents.net\/wp-content\/uploads\/2017\/06\/urbanart-biennale-voelklingen-moellerhalle-06-2017-01097.jpg'><img loading=\"lazy\" decoding=\"async\" width=\"300\" height=\"200\" src=\"https:\/\/www.urbanpresents.net\/wp-content\/uploads\/2017\/06\/urbanart-biennale-voelklingen-moellerhalle-06-2017-01097-300x200.jpg\" class=\"attachment-medium size-medium\" alt=\"mode 2 &#039;they used to do it in the clubs&#039; - 4\" srcset=\"https:\/\/www.urbanpresents.net\/wp-content\/uploads\/2017\/06\/urbanart-biennale-voelklingen-moellerhalle-06-2017-01097-300x200.jpg 300w, https:\/\/www.urbanpresents.net\/wp-content\/uploads\/2017\/06\/urbanart-biennale-voelklingen-moellerhalle-06-2017-01097-768x512.jpg 768w, https:\/\/www.urbanpresents.net\/wp-content\/uploads\/2017\/06\/urbanart-biennale-voelklingen-moellerhalle-06-2017-01097-1024x683.jpg 1024w, https:\/\/www.urbanpresents.net\/wp-content\/uploads\/2017\/06\/urbanart-biennale-voelklingen-moellerhalle-06-2017-01097.jpg 1200w\" sizes=\"(max-width: 300px) 100vw, 300px\" \/><\/a>\n                            <div class='uk-panel uk-padding-small'>mode 2 &#8216;they used to do it in the clubs&#8217; &#8211; 4. urbanart biennale &#8211; v\u00f6lklingen<\/div>\n            \n        <\/div>\n            <div class='uk-text-center'>\n\n            \n            <a href='https:\/\/www.urbanpresents.net\/wp-content\/uploads\/2017\/06\/urbanart-biennale-voelklingen-moellerhalle-06-2017-01137.jpg'><img loading=\"lazy\" decoding=\"async\" width=\"300\" height=\"200\" src=\"https:\/\/www.urbanpresents.net\/wp-content\/uploads\/2017\/06\/urbanart-biennale-voelklingen-moellerhalle-06-2017-01137-300x200.jpg\" class=\"attachment-medium size-medium\" alt=\"monkeybird &#039;candalabre \/ observatoire \/ chronos&#039; - 4\" srcset=\"https:\/\/www.urbanpresents.net\/wp-content\/uploads\/2017\/06\/urbanart-biennale-voelklingen-moellerhalle-06-2017-01137-300x200.jpg 300w, https:\/\/www.urbanpresents.net\/wp-content\/uploads\/2017\/06\/urbanart-biennale-voelklingen-moellerhalle-06-2017-01137-768x512.jpg 768w, https:\/\/www.urbanpresents.net\/wp-content\/uploads\/2017\/06\/urbanart-biennale-voelklingen-moellerhalle-06-2017-01137-1024x683.jpg 1024w, https:\/\/www.urbanpresents.net\/wp-content\/uploads\/2017\/06\/urbanart-biennale-voelklingen-moellerhalle-06-2017-01137.jpg 1200w\" sizes=\"(max-width: 300px) 100vw, 300px\" \/><\/a>\n                            <div class='uk-panel uk-padding-small'>monkeybird &#8216;candalabre \/ observatoire \/ chronos&#8217; &#8211; 4. urbanart biennale &#8211; v\u00f6lklingen- 4. urbanart biennale &#8211; v\u00f6lklingen<\/div>\n            \n        <\/div>\n            <div class='uk-text-center'>\n\n            \n            <a href='https:\/\/www.urbanpresents.net\/wp-content\/uploads\/2017\/06\/urbanart-biennale-voelklingen-moellerhalle-06-2017-01110.jpg'><img loading=\"lazy\" decoding=\"async\" width=\"300\" height=\"200\" src=\"https:\/\/www.urbanpresents.net\/wp-content\/uploads\/2017\/06\/urbanart-biennale-voelklingen-moellerhalle-06-2017-01110-300x200.jpg\" class=\"attachment-medium size-medium\" alt=\"yz &#039;empress akha&#039; - 4\" srcset=\"https:\/\/www.urbanpresents.net\/wp-content\/uploads\/2017\/06\/urbanart-biennale-voelklingen-moellerhalle-06-2017-01110-300x200.jpg 300w, https:\/\/www.urbanpresents.net\/wp-content\/uploads\/2017\/06\/urbanart-biennale-voelklingen-moellerhalle-06-2017-01110-768x512.jpg 768w, https:\/\/www.urbanpresents.net\/wp-content\/uploads\/2017\/06\/urbanart-biennale-voelklingen-moellerhalle-06-2017-01110-1024x683.jpg 1024w, https:\/\/www.urbanpresents.net\/wp-content\/uploads\/2017\/06\/urbanart-biennale-voelklingen-moellerhalle-06-2017-01110.jpg 1200w\" sizes=\"(max-width: 300px) 100vw, 300px\" \/><\/a>\n                            <div class='uk-panel uk-padding-small'>yz &#8217;empress akha&#8217; &#8211; 4. urbanart biennale &#8211; v\u00f6lklingen<\/div>\n            \n        <\/div>\n            <div class='uk-text-center'>\n\n            \n            <a href='https:\/\/www.urbanpresents.net\/wp-content\/uploads\/2017\/06\/urbanart-biennale-voelklingen-moellerhalle-06-2017-01128.jpg'><img loading=\"lazy\" decoding=\"async\" width=\"300\" height=\"200\" src=\"https:\/\/www.urbanpresents.net\/wp-content\/uploads\/2017\/06\/urbanart-biennale-voelklingen-moellerhalle-06-2017-01128-300x200.jpg\" class=\"attachment-medium size-medium\" alt=\"yz &#039;empress akha&#039; - 4\" srcset=\"https:\/\/www.urbanpresents.net\/wp-content\/uploads\/2017\/06\/urbanart-biennale-voelklingen-moellerhalle-06-2017-01128-300x200.jpg 300w, https:\/\/www.urbanpresents.net\/wp-content\/uploads\/2017\/06\/urbanart-biennale-voelklingen-moellerhalle-06-2017-01128-768x512.jpg 768w, https:\/\/www.urbanpresents.net\/wp-content\/uploads\/2017\/06\/urbanart-biennale-voelklingen-moellerhalle-06-2017-01128-1024x683.jpg 1024w, https:\/\/www.urbanpresents.net\/wp-content\/uploads\/2017\/06\/urbanart-biennale-voelklingen-moellerhalle-06-2017-01128.jpg 1200w\" sizes=\"(max-width: 300px) 100vw, 300px\" \/><\/a>\n                            <div class='uk-panel uk-padding-small'>yz &#8217;empress akha&#8217; &#8211; 4. urbanart biennale &#8211; v\u00f6lklingen<\/div>\n            \n        <\/div>\n            <div class='uk-text-center'>\n\n            \n            <a href='https:\/\/www.urbanpresents.net\/wp-content\/uploads\/2017\/06\/urbanart-biennale-voelklingen-moellerhalle-06-2017-01109.jpg'><img loading=\"lazy\" decoding=\"async\" width=\"300\" height=\"200\" src=\"https:\/\/www.urbanpresents.net\/wp-content\/uploads\/2017\/06\/urbanart-biennale-voelklingen-moellerhalle-06-2017-01109-300x200.jpg\" class=\"attachment-medium size-medium\" alt=\"luda &#039;fruit of the doom&#039; - 4\" srcset=\"https:\/\/www.urbanpresents.net\/wp-content\/uploads\/2017\/06\/urbanart-biennale-voelklingen-moellerhalle-06-2017-01109-300x200.jpg 300w, https:\/\/www.urbanpresents.net\/wp-content\/uploads\/2017\/06\/urbanart-biennale-voelklingen-moellerhalle-06-2017-01109-768x512.jpg 768w, https:\/\/www.urbanpresents.net\/wp-content\/uploads\/2017\/06\/urbanart-biennale-voelklingen-moellerhalle-06-2017-01109-1024x683.jpg 1024w, https:\/\/www.urbanpresents.net\/wp-content\/uploads\/2017\/06\/urbanart-biennale-voelklingen-moellerhalle-06-2017-01109.jpg 1200w\" sizes=\"(max-width: 300px) 100vw, 300px\" \/><\/a>\n                            <div class='uk-panel uk-padding-small'>luda &#8216;fruit of the doom&#8217; &#8211; 4. urbanart biennale &#8211; v\u00f6lklingen<\/div>\n            \n        <\/div>\n            <div class='uk-text-center'>\n\n            \n            <a href='https:\/\/www.urbanpresents.net\/wp-content\/uploads\/2017\/06\/urbanart-biennale-voelklingen-moellerhalle-06-2017-01119.jpg'><img loading=\"lazy\" decoding=\"async\" width=\"300\" height=\"200\" src=\"https:\/\/www.urbanpresents.net\/wp-content\/uploads\/2017\/06\/urbanart-biennale-voelklingen-moellerhalle-06-2017-01119-300x200.jpg\" class=\"attachment-medium size-medium\" alt=\"benjamin laading &#039;atome&#039; - 4\" srcset=\"https:\/\/www.urbanpresents.net\/wp-content\/uploads\/2017\/06\/urbanart-biennale-voelklingen-moellerhalle-06-2017-01119-300x200.jpg 300w, https:\/\/www.urbanpresents.net\/wp-content\/uploads\/2017\/06\/urbanart-biennale-voelklingen-moellerhalle-06-2017-01119-768x512.jpg 768w, https:\/\/www.urbanpresents.net\/wp-content\/uploads\/2017\/06\/urbanart-biennale-voelklingen-moellerhalle-06-2017-01119-1024x683.jpg 1024w, https:\/\/www.urbanpresents.net\/wp-content\/uploads\/2017\/06\/urbanart-biennale-voelklingen-moellerhalle-06-2017-01119.jpg 1200w\" sizes=\"(max-width: 300px) 100vw, 300px\" \/><\/a>\n                            <div class='uk-panel uk-padding-small'>benjamin laading &#8216;atome&#8217; &#8211; 4. urbanart biennale &#8211; v\u00f6lklingen<\/div>\n            \n        <\/div>\n            <div class='uk-text-center'>\n\n            \n            <a href='https:\/\/www.urbanpresents.net\/wp-content\/uploads\/2017\/06\/urbanart-biennale-voelklingen-moellerhalle-06-2017-0755.jpg'><img loading=\"lazy\" decoding=\"async\" width=\"300\" height=\"200\" src=\"https:\/\/www.urbanpresents.net\/wp-content\/uploads\/2017\/06\/urbanart-biennale-voelklingen-moellerhalle-06-2017-0755-300x200.jpg\" class=\"attachment-medium size-medium\" alt=\"l&#039;atlas &#039;black marble&#039; - 4\" srcset=\"https:\/\/www.urbanpresents.net\/wp-content\/uploads\/2017\/06\/urbanart-biennale-voelklingen-moellerhalle-06-2017-0755-300x200.jpg 300w, https:\/\/www.urbanpresents.net\/wp-content\/uploads\/2017\/06\/urbanart-biennale-voelklingen-moellerhalle-06-2017-0755-768x512.jpg 768w, https:\/\/www.urbanpresents.net\/wp-content\/uploads\/2017\/06\/urbanart-biennale-voelklingen-moellerhalle-06-2017-0755-1024x683.jpg 1024w, https:\/\/www.urbanpresents.net\/wp-content\/uploads\/2017\/06\/urbanart-biennale-voelklingen-moellerhalle-06-2017-0755.jpg 1200w\" sizes=\"(max-width: 300px) 100vw, 300px\" \/><\/a>\n                            <div class='uk-panel uk-padding-small'>l&#8217;atlas &#8216;black marble&#8217; &#8211; 4. urbanart biennale &#8211; v\u00f6lklingen<\/div>\n            \n        <\/div>\n            <div class='uk-text-center'>\n\n            \n            <a href='https:\/\/www.urbanpresents.net\/wp-content\/uploads\/2017\/06\/urbanart-biennale-voelklingen-moellerhalle-06-2017-01125.jpg'><img loading=\"lazy\" decoding=\"async\" width=\"300\" height=\"200\" src=\"https:\/\/www.urbanpresents.net\/wp-content\/uploads\/2017\/06\/urbanart-biennale-voelklingen-moellerhalle-06-2017-01125-300x200.jpg\" class=\"attachment-medium size-medium\" alt=\"thomas canto &#039;infinity blasts&#039; - 4\" srcset=\"https:\/\/www.urbanpresents.net\/wp-content\/uploads\/2017\/06\/urbanart-biennale-voelklingen-moellerhalle-06-2017-01125-300x200.jpg 300w, https:\/\/www.urbanpresents.net\/wp-content\/uploads\/2017\/06\/urbanart-biennale-voelklingen-moellerhalle-06-2017-01125-768x512.jpg 768w, https:\/\/www.urbanpresents.net\/wp-content\/uploads\/2017\/06\/urbanart-biennale-voelklingen-moellerhalle-06-2017-01125-1024x683.jpg 1024w, https:\/\/www.urbanpresents.net\/wp-content\/uploads\/2017\/06\/urbanart-biennale-voelklingen-moellerhalle-06-2017-01125.jpg 1200w\" sizes=\"(max-width: 300px) 100vw, 300px\" \/><\/a>\n                            <div class='uk-panel uk-padding-small'>thomas canto &#8216;infinity blasts&#8217; &#8211; 4. urbanart biennale &#8211; v\u00f6lklingen<\/div>\n            \n        <\/div>\n            <div class='uk-text-center'>\n\n            \n            <a href='https:\/\/www.urbanpresents.net\/wp-content\/uploads\/2017\/06\/urbanart-biennale-voelklingen-moellerhalle-06-2017-01126.jpg'><img loading=\"lazy\" decoding=\"async\" width=\"300\" height=\"200\" src=\"https:\/\/www.urbanpresents.net\/wp-content\/uploads\/2017\/06\/urbanart-biennale-voelklingen-moellerhalle-06-2017-01126-300x200.jpg\" class=\"attachment-medium size-medium\" alt=\"nychos &#039;thunder cats&#039; - 4\" srcset=\"https:\/\/www.urbanpresents.net\/wp-content\/uploads\/2017\/06\/urbanart-biennale-voelklingen-moellerhalle-06-2017-01126-300x200.jpg 300w, https:\/\/www.urbanpresents.net\/wp-content\/uploads\/2017\/06\/urbanart-biennale-voelklingen-moellerhalle-06-2017-01126-768x512.jpg 768w, https:\/\/www.urbanpresents.net\/wp-content\/uploads\/2017\/06\/urbanart-biennale-voelklingen-moellerhalle-06-2017-01126-1024x683.jpg 1024w, https:\/\/www.urbanpresents.net\/wp-content\/uploads\/2017\/06\/urbanart-biennale-voelklingen-moellerhalle-06-2017-01126.jpg 1200w\" sizes=\"(max-width: 300px) 100vw, 300px\" \/><\/a>\n                            <div class='uk-panel uk-padding-small'>nychos &#8216;thunder cats&#8217; &#8211; 4. urbanart biennale &#8211; v\u00f6lklingen<\/div>\n            \n        <\/div>\n            <div class='uk-text-center'>\n\n            \n            <a href='https:\/\/www.urbanpresents.net\/wp-content\/uploads\/2017\/06\/urbanart-biennale-voelklingen-moellerhalle-06-2017-0748.jpg'><img loading=\"lazy\" decoding=\"async\" width=\"300\" height=\"200\" src=\"https:\/\/www.urbanpresents.net\/wp-content\/uploads\/2017\/06\/urbanart-biennale-voelklingen-moellerhalle-06-2017-0748-300x200.jpg\" class=\"attachment-medium size-medium\" alt=\"felipe pantone &#039;optichromie&#039; - 4\" srcset=\"https:\/\/www.urbanpresents.net\/wp-content\/uploads\/2017\/06\/urbanart-biennale-voelklingen-moellerhalle-06-2017-0748-300x200.jpg 300w, https:\/\/www.urbanpresents.net\/wp-content\/uploads\/2017\/06\/urbanart-biennale-voelklingen-moellerhalle-06-2017-0748-768x512.jpg 768w, https:\/\/www.urbanpresents.net\/wp-content\/uploads\/2017\/06\/urbanart-biennale-voelklingen-moellerhalle-06-2017-0748-1024x683.jpg 1024w, https:\/\/www.urbanpresents.net\/wp-content\/uploads\/2017\/06\/urbanart-biennale-voelklingen-moellerhalle-06-2017-0748.jpg 1200w\" sizes=\"(max-width: 300px) 100vw, 300px\" \/><\/a>\n                            <div class='uk-panel uk-padding-small'>felipe pantone &#8216;optichromie&#8217; &#8211; 4. urbanart biennale &#8211; v\u00f6lklingen<\/div>\n            \n        <\/div>\n            <div class='uk-text-center'>\n\n            \n            <a href='https:\/\/www.urbanpresents.net\/wp-content\/uploads\/2017\/06\/urbanart-biennale-voelklingen-moellerhalle-06-2017-0744.jpg'><img loading=\"lazy\" decoding=\"async\" width=\"300\" height=\"200\" src=\"https:\/\/www.urbanpresents.net\/wp-content\/uploads\/2017\/06\/urbanart-biennale-voelklingen-moellerhalle-06-2017-0744-300x200.jpg\" class=\"attachment-medium size-medium\" alt=\"layer cake &#039;dragan&#039; - 4\" srcset=\"https:\/\/www.urbanpresents.net\/wp-content\/uploads\/2017\/06\/urbanart-biennale-voelklingen-moellerhalle-06-2017-0744-300x200.jpg 300w, https:\/\/www.urbanpresents.net\/wp-content\/uploads\/2017\/06\/urbanart-biennale-voelklingen-moellerhalle-06-2017-0744-768x512.jpg 768w, https:\/\/www.urbanpresents.net\/wp-content\/uploads\/2017\/06\/urbanart-biennale-voelklingen-moellerhalle-06-2017-0744-1024x683.jpg 1024w, https:\/\/www.urbanpresents.net\/wp-content\/uploads\/2017\/06\/urbanart-biennale-voelklingen-moellerhalle-06-2017-0744.jpg 1200w\" sizes=\"(max-width: 300px) 100vw, 300px\" \/><\/a>\n                            <div class='uk-panel uk-padding-small'>layer cake &#8216;dragan&#8217; &#8211; 4. urbanart biennale &#8211; v\u00f6lklingen<\/div>\n            \n        <\/div>\n            <div class='uk-text-center'>\n\n            \n            <a href='https:\/\/www.urbanpresents.net\/wp-content\/uploads\/2017\/06\/urbanart-biennale-voelklingen-moellerhalle-06-2017-0738.jpg'><img loading=\"lazy\" decoding=\"async\" width=\"300\" height=\"200\" src=\"https:\/\/www.urbanpresents.net\/wp-content\/uploads\/2017\/06\/urbanart-biennale-voelklingen-moellerhalle-06-2017-0738-300x200.jpg\" class=\"attachment-medium size-medium\" alt=\"layer cake &#039;gazza&#039; - 4\" srcset=\"https:\/\/www.urbanpresents.net\/wp-content\/uploads\/2017\/06\/urbanart-biennale-voelklingen-moellerhalle-06-2017-0738-300x200.jpg 300w, https:\/\/www.urbanpresents.net\/wp-content\/uploads\/2017\/06\/urbanart-biennale-voelklingen-moellerhalle-06-2017-0738-768x512.jpg 768w, https:\/\/www.urbanpresents.net\/wp-content\/uploads\/2017\/06\/urbanart-biennale-voelklingen-moellerhalle-06-2017-0738-1024x683.jpg 1024w, https:\/\/www.urbanpresents.net\/wp-content\/uploads\/2017\/06\/urbanart-biennale-voelklingen-moellerhalle-06-2017-0738.jpg 1200w\" sizes=\"(max-width: 300px) 100vw, 300px\" \/><\/a>\n                            <div class='uk-panel uk-padding-small'>layer cake &#8216;gazza&#8217; &#8211; 4. urbanart biennale &#8211; v\u00f6lklingen<\/div>\n            \n        <\/div>\n            <div class='uk-text-center'>\n\n            \n            <a href='https:\/\/www.urbanpresents.net\/wp-content\/uploads\/2017\/06\/urbanart-biennale-voelklingen-moellerhalle-06-2017-0757.jpg'><img loading=\"lazy\" decoding=\"async\" width=\"300\" height=\"200\" src=\"https:\/\/www.urbanpresents.net\/wp-content\/uploads\/2017\/06\/urbanart-biennale-voelklingen-moellerhalle-06-2017-0757-300x200.jpg\" class=\"attachment-medium size-medium\" alt=\"swiz &#039;broken circle theory&#039; - 4\" srcset=\"https:\/\/www.urbanpresents.net\/wp-content\/uploads\/2017\/06\/urbanart-biennale-voelklingen-moellerhalle-06-2017-0757-300x200.jpg 300w, https:\/\/www.urbanpresents.net\/wp-content\/uploads\/2017\/06\/urbanart-biennale-voelklingen-moellerhalle-06-2017-0757-768x512.jpg 768w, https:\/\/www.urbanpresents.net\/wp-content\/uploads\/2017\/06\/urbanart-biennale-voelklingen-moellerhalle-06-2017-0757-1024x683.jpg 1024w, https:\/\/www.urbanpresents.net\/wp-content\/uploads\/2017\/06\/urbanart-biennale-voelklingen-moellerhalle-06-2017-0757.jpg 1200w\" sizes=\"(max-width: 300px) 100vw, 300px\" \/><\/a>\n                            <div class='uk-panel uk-padding-small'>swiz &#8216;broken circle theory&#8217; &#8211; 4. urbanart biennale &#8211; v\u00f6lklingen<\/div>\n            \n        <\/div>\n            <div class='uk-text-center'>\n\n            \n            <a href='https:\/\/www.urbanpresents.net\/wp-content\/uploads\/2017\/06\/urbanart-biennale-voelklingen-moellerhalle-06-2017-0758.jpg'><img loading=\"lazy\" decoding=\"async\" width=\"300\" height=\"200\" src=\"https:\/\/www.urbanpresents.net\/wp-content\/uploads\/2017\/06\/urbanart-biennale-voelklingen-moellerhalle-06-2017-0758-300x200.jpg\" class=\"attachment-medium size-medium\" alt=\"ct &#039;ceca&#039; - 4\" srcset=\"https:\/\/www.urbanpresents.net\/wp-content\/uploads\/2017\/06\/urbanart-biennale-voelklingen-moellerhalle-06-2017-0758-300x200.jpg 300w, https:\/\/www.urbanpresents.net\/wp-content\/uploads\/2017\/06\/urbanart-biennale-voelklingen-moellerhalle-06-2017-0758-768x512.jpg 768w, https:\/\/www.urbanpresents.net\/wp-content\/uploads\/2017\/06\/urbanart-biennale-voelklingen-moellerhalle-06-2017-0758-1024x683.jpg 1024w, https:\/\/www.urbanpresents.net\/wp-content\/uploads\/2017\/06\/urbanart-biennale-voelklingen-moellerhalle-06-2017-0758.jpg 1200w\" sizes=\"(max-width: 300px) 100vw, 300px\" \/><\/a>\n                            <div class='uk-panel uk-padding-small'>ct &#8216;ceca&#8217; &#8211; 4. urbanart biennale &#8211; v\u00f6lklingen<\/div>\n            \n        <\/div>\n            <div class='uk-text-center'>\n\n            \n            <a href='https:\/\/www.urbanpresents.net\/wp-content\/uploads\/2017\/06\/urbanart-biennale-voelklingen-moellerhalle-06-2017-0742.jpg'><img loading=\"lazy\" decoding=\"async\" width=\"300\" height=\"200\" src=\"https:\/\/www.urbanpresents.net\/wp-content\/uploads\/2017\/06\/urbanart-biennale-voelklingen-moellerhalle-06-2017-0742-300x200.jpg\" class=\"attachment-medium size-medium\" alt=\"robert proch &#039;counting fingers&#039; - 4\" srcset=\"https:\/\/www.urbanpresents.net\/wp-content\/uploads\/2017\/06\/urbanart-biennale-voelklingen-moellerhalle-06-2017-0742-300x200.jpg 300w, https:\/\/www.urbanpresents.net\/wp-content\/uploads\/2017\/06\/urbanart-biennale-voelklingen-moellerhalle-06-2017-0742-768x512.jpg 768w, https:\/\/www.urbanpresents.net\/wp-content\/uploads\/2017\/06\/urbanart-biennale-voelklingen-moellerhalle-06-2017-0742-1024x683.jpg 1024w, https:\/\/www.urbanpresents.net\/wp-content\/uploads\/2017\/06\/urbanart-biennale-voelklingen-moellerhalle-06-2017-0742.jpg 1200w\" sizes=\"(max-width: 300px) 100vw, 300px\" \/><\/a>\n                            <div class='uk-panel uk-padding-small'>robert proch &#8216;counting fingers&#8217; &#8211; 4. urbanart biennale &#8211; v\u00f6lklingen<\/div>\n            \n        <\/div>\n            <div class='uk-text-center'>\n\n            \n            <a href='https:\/\/www.urbanpresents.net\/wp-content\/uploads\/2017\/06\/urbanart-biennale-voelklingen-moellerhalle-06-2017-0766.jpg'><img loading=\"lazy\" decoding=\"async\" width=\"300\" height=\"200\" src=\"https:\/\/www.urbanpresents.net\/wp-content\/uploads\/2017\/06\/urbanart-biennale-voelklingen-moellerhalle-06-2017-0766-300x200.jpg\" class=\"attachment-medium size-medium\" alt=\"okuda &#039;queen of the zebra palace&#039; - 4\" srcset=\"https:\/\/www.urbanpresents.net\/wp-content\/uploads\/2017\/06\/urbanart-biennale-voelklingen-moellerhalle-06-2017-0766-300x200.jpg 300w, https:\/\/www.urbanpresents.net\/wp-content\/uploads\/2017\/06\/urbanart-biennale-voelklingen-moellerhalle-06-2017-0766-768x512.jpg 768w, https:\/\/www.urbanpresents.net\/wp-content\/uploads\/2017\/06\/urbanart-biennale-voelklingen-moellerhalle-06-2017-0766-1024x683.jpg 1024w, https:\/\/www.urbanpresents.net\/wp-content\/uploads\/2017\/06\/urbanart-biennale-voelklingen-moellerhalle-06-2017-0766.jpg 1200w\" sizes=\"(max-width: 300px) 100vw, 300px\" \/><\/a>\n                            <div class='uk-panel uk-padding-small'>okuda &#8216;queen of the zebra palace&#8217; &#8211; 4. urbanart biennale &#8211; v\u00f6lklingen<\/div>\n            \n        <\/div>\n            <div class='uk-text-center'>\n\n            \n            <a href='https:\/\/www.urbanpresents.net\/wp-content\/uploads\/2017\/06\/urbanart-biennale-voelklingen-moellerhalle-06-2017-0708.jpg'><img loading=\"lazy\" decoding=\"async\" width=\"300\" height=\"200\" src=\"https:\/\/www.urbanpresents.net\/wp-content\/uploads\/2017\/06\/urbanart-biennale-voelklingen-moellerhalle-06-2017-0708-300x200.jpg\" class=\"attachment-medium size-medium\" alt=\"vermibus &#039;why don&#039;t you take me there&#039; - 4\" srcset=\"https:\/\/www.urbanpresents.net\/wp-content\/uploads\/2017\/06\/urbanart-biennale-voelklingen-moellerhalle-06-2017-0708-300x200.jpg 300w, https:\/\/www.urbanpresents.net\/wp-content\/uploads\/2017\/06\/urbanart-biennale-voelklingen-moellerhalle-06-2017-0708-768x512.jpg 768w, https:\/\/www.urbanpresents.net\/wp-content\/uploads\/2017\/06\/urbanart-biennale-voelklingen-moellerhalle-06-2017-0708-1024x683.jpg 1024w, https:\/\/www.urbanpresents.net\/wp-content\/uploads\/2017\/06\/urbanart-biennale-voelklingen-moellerhalle-06-2017-0708.jpg 1200w\" sizes=\"(max-width: 300px) 100vw, 300px\" \/><\/a>\n                            <div class='uk-panel uk-padding-small'>vermibus &#8216;why don&#8217;t you take me there&#8217; &#8211; 4. urbanart biennale &#8211; v\u00f6lklingen<\/div>\n            \n        <\/div>\n            <div class='uk-text-center'>\n\n            \n            <a href='https:\/\/www.urbanpresents.net\/wp-content\/uploads\/2017\/06\/urbanart-biennale-voelklingen-moellerhalle-06-2017-0694.jpg'><img loading=\"lazy\" decoding=\"async\" width=\"300\" height=\"200\" src=\"https:\/\/www.urbanpresents.net\/wp-content\/uploads\/2017\/06\/urbanart-biennale-voelklingen-moellerhalle-06-2017-0694-300x200.jpg\" class=\"attachment-medium size-medium\" alt=\"vermibus &#039;i want to run away&#039; - 4\" srcset=\"https:\/\/www.urbanpresents.net\/wp-content\/uploads\/2017\/06\/urbanart-biennale-voelklingen-moellerhalle-06-2017-0694-300x200.jpg 300w, https:\/\/www.urbanpresents.net\/wp-content\/uploads\/2017\/06\/urbanart-biennale-voelklingen-moellerhalle-06-2017-0694-768x512.jpg 768w, https:\/\/www.urbanpresents.net\/wp-content\/uploads\/2017\/06\/urbanart-biennale-voelklingen-moellerhalle-06-2017-0694-1024x683.jpg 1024w, https:\/\/www.urbanpresents.net\/wp-content\/uploads\/2017\/06\/urbanart-biennale-voelklingen-moellerhalle-06-2017-0694.jpg 1200w\" sizes=\"(max-width: 300px) 100vw, 300px\" \/><\/a>\n                            <div class='uk-panel uk-padding-small'>vermibus &#8216;i want to run away&#8217; &#8211; 4. urbanart biennale &#8211; v\u00f6lklingen<\/div>\n            \n        <\/div>\n            <div class='uk-text-center'>\n\n            \n            <a href='https:\/\/www.urbanpresents.net\/wp-content\/uploads\/2017\/06\/urbanart-biennale-voelklingen-moellerhalle-06-2017-01141.jpg'><img loading=\"lazy\" decoding=\"async\" width=\"300\" height=\"200\" src=\"https:\/\/www.urbanpresents.net\/wp-content\/uploads\/2017\/06\/urbanart-biennale-voelklingen-moellerhalle-06-2017-01141-300x200.jpg\" class=\"attachment-medium size-medium\" alt=\"vermibus &#039;i want to run away&#039; - 4\" srcset=\"https:\/\/www.urbanpresents.net\/wp-content\/uploads\/2017\/06\/urbanart-biennale-voelklingen-moellerhalle-06-2017-01141-300x200.jpg 300w, https:\/\/www.urbanpresents.net\/wp-content\/uploads\/2017\/06\/urbanart-biennale-voelklingen-moellerhalle-06-2017-01141-768x512.jpg 768w, https:\/\/www.urbanpresents.net\/wp-content\/uploads\/2017\/06\/urbanart-biennale-voelklingen-moellerhalle-06-2017-01141-1024x683.jpg 1024w, https:\/\/www.urbanpresents.net\/wp-content\/uploads\/2017\/06\/urbanart-biennale-voelklingen-moellerhalle-06-2017-01141.jpg 1200w\" sizes=\"(max-width: 300px) 100vw, 300px\" \/><\/a>\n                            <div class='uk-panel uk-padding-small'>vermibus &#8216;i want to run away&#8217; &#8211; 4. urbanart biennale &#8211; v\u00f6lklingen<\/div>\n            \n        <\/div>\n            <div class='uk-text-center'>\n\n            \n            <a href='https:\/\/www.urbanpresents.net\/wp-content\/uploads\/2017\/06\/urbanart-biennale-voelklingen-moellerhalle-06-2017-01147.jpg'><img loading=\"lazy\" decoding=\"async\" width=\"300\" height=\"200\" src=\"https:\/\/www.urbanpresents.net\/wp-content\/uploads\/2017\/06\/urbanart-biennale-voelklingen-moellerhalle-06-2017-01147-300x200.jpg\" class=\"attachment-medium size-medium\" alt=\"vermibus &#039;al borde del abismo&#039; - 4\" srcset=\"https:\/\/www.urbanpresents.net\/wp-content\/uploads\/2017\/06\/urbanart-biennale-voelklingen-moellerhalle-06-2017-01147-300x200.jpg 300w, https:\/\/www.urbanpresents.net\/wp-content\/uploads\/2017\/06\/urbanart-biennale-voelklingen-moellerhalle-06-2017-01147-768x512.jpg 768w, https:\/\/www.urbanpresents.net\/wp-content\/uploads\/2017\/06\/urbanart-biennale-voelklingen-moellerhalle-06-2017-01147-1024x683.jpg 1024w, https:\/\/www.urbanpresents.net\/wp-content\/uploads\/2017\/06\/urbanart-biennale-voelklingen-moellerhalle-06-2017-01147.jpg 1200w\" sizes=\"(max-width: 300px) 100vw, 300px\" \/><\/a>\n                            <div class='uk-panel uk-padding-small'>vermibus &#8216;al borde del abismo&#8217; &#8211; 4. urbanart biennale &#8211; v\u00f6lklingen<\/div>\n            \n        <\/div>\n            <div class='uk-text-center'>\n\n            \n            <a href='https:\/\/www.urbanpresents.net\/wp-content\/uploads\/2017\/06\/urbanart-biennale-voelklingen-moellerhalle-06-2017-01156.jpg'><img loading=\"lazy\" decoding=\"async\" width=\"300\" height=\"200\" src=\"https:\/\/www.urbanpresents.net\/wp-content\/uploads\/2017\/06\/urbanart-biennale-voelklingen-moellerhalle-06-2017-01156-300x200.jpg\" class=\"attachment-medium size-medium\" alt=\"vermibus &#039;why don&#039;t you take me there&#039; - 4\" srcset=\"https:\/\/www.urbanpresents.net\/wp-content\/uploads\/2017\/06\/urbanart-biennale-voelklingen-moellerhalle-06-2017-01156-300x200.jpg 300w, https:\/\/www.urbanpresents.net\/wp-content\/uploads\/2017\/06\/urbanart-biennale-voelklingen-moellerhalle-06-2017-01156-768x512.jpg 768w, https:\/\/www.urbanpresents.net\/wp-content\/uploads\/2017\/06\/urbanart-biennale-voelklingen-moellerhalle-06-2017-01156-1024x683.jpg 1024w, https:\/\/www.urbanpresents.net\/wp-content\/uploads\/2017\/06\/urbanart-biennale-voelklingen-moellerhalle-06-2017-01156.jpg 1200w\" sizes=\"(max-width: 300px) 100vw, 300px\" \/><\/a>\n                            <div class='uk-panel uk-padding-small'>vermibus &#8216;why don&#8217;t you take me there&#8217; &#8211; 4. urbanart biennale &#8211; v\u00f6lklingen<\/div>\n            \n        <\/div>\n            <div class='uk-text-center'>\n\n            \n            <a href='https:\/\/www.urbanpresents.net\/wp-content\/uploads\/2017\/06\/urbanart-biennale-voelklingen-moellerhalle-06-2017-01154.jpg'><img loading=\"lazy\" decoding=\"async\" width=\"300\" height=\"200\" src=\"https:\/\/www.urbanpresents.net\/wp-content\/uploads\/2017\/06\/urbanart-biennale-voelklingen-moellerhalle-06-2017-01154-300x200.jpg\" class=\"attachment-medium size-medium\" alt=\"ox &#039;sunny break&#039; - 4\" srcset=\"https:\/\/www.urbanpresents.net\/wp-content\/uploads\/2017\/06\/urbanart-biennale-voelklingen-moellerhalle-06-2017-01154-300x200.jpg 300w, https:\/\/www.urbanpresents.net\/wp-content\/uploads\/2017\/06\/urbanart-biennale-voelklingen-moellerhalle-06-2017-01154-768x512.jpg 768w, https:\/\/www.urbanpresents.net\/wp-content\/uploads\/2017\/06\/urbanart-biennale-voelklingen-moellerhalle-06-2017-01154-1024x683.jpg 1024w, https:\/\/www.urbanpresents.net\/wp-content\/uploads\/2017\/06\/urbanart-biennale-voelklingen-moellerhalle-06-2017-01154.jpg 1200w\" sizes=\"(max-width: 300px) 100vw, 300px\" \/><\/a>\n                            <div class='uk-panel uk-padding-small'>ox &#8216;sunny break&#8217; &#8211; 4. urbanart biennale &#8211; v\u00f6lklingen<\/div>\n            \n        <\/div>\n            <div class='uk-text-center'>\n\n            \n            <a href='https:\/\/www.urbanpresents.net\/wp-content\/uploads\/2017\/06\/urbanart-biennale-voelklingen-moellerhalle-06-2017-01139.jpg'><img loading=\"lazy\" decoding=\"async\" width=\"300\" height=\"200\" src=\"https:\/\/www.urbanpresents.net\/wp-content\/uploads\/2017\/06\/urbanart-biennale-voelklingen-moellerhalle-06-2017-01139-300x200.jpg\" class=\"attachment-medium size-medium\" alt=\"smash137 &#039;sn2013f&#039; - 4\" srcset=\"https:\/\/www.urbanpresents.net\/wp-content\/uploads\/2017\/06\/urbanart-biennale-voelklingen-moellerhalle-06-2017-01139-300x200.jpg 300w, https:\/\/www.urbanpresents.net\/wp-content\/uploads\/2017\/06\/urbanart-biennale-voelklingen-moellerhalle-06-2017-01139-768x512.jpg 768w, https:\/\/www.urbanpresents.net\/wp-content\/uploads\/2017\/06\/urbanart-biennale-voelklingen-moellerhalle-06-2017-01139-1024x683.jpg 1024w, https:\/\/www.urbanpresents.net\/wp-content\/uploads\/2017\/06\/urbanart-biennale-voelklingen-moellerhalle-06-2017-01139.jpg 1200w\" sizes=\"(max-width: 300px) 100vw, 300px\" \/><\/a>\n                            <div class='uk-panel uk-padding-small'>smash137 &#8216;sn2013f&#8217; &#8211; 4. urbanart biennale &#8211; v\u00f6lklingen<\/div>\n            \n        <\/div>\n            <div class='uk-text-center'>\n\n            \n            <a href='https:\/\/www.urbanpresents.net\/wp-content\/uploads\/2017\/06\/urbanart-biennale-voelklingen-moellerhalle-06-2017-0697.jpg'><img loading=\"lazy\" decoding=\"async\" width=\"300\" height=\"200\" src=\"https:\/\/www.urbanpresents.net\/wp-content\/uploads\/2017\/06\/urbanart-biennale-voelklingen-moellerhalle-06-2017-0697-300x200.jpg\" class=\"attachment-medium size-medium\" alt=\"mambo &#039;downtown absurdia&#039; - 4\" srcset=\"https:\/\/www.urbanpresents.net\/wp-content\/uploads\/2017\/06\/urbanart-biennale-voelklingen-moellerhalle-06-2017-0697-300x200.jpg 300w, https:\/\/www.urbanpresents.net\/wp-content\/uploads\/2017\/06\/urbanart-biennale-voelklingen-moellerhalle-06-2017-0697-768x512.jpg 768w, https:\/\/www.urbanpresents.net\/wp-content\/uploads\/2017\/06\/urbanart-biennale-voelklingen-moellerhalle-06-2017-0697-1024x683.jpg 1024w, https:\/\/www.urbanpresents.net\/wp-content\/uploads\/2017\/06\/urbanart-biennale-voelklingen-moellerhalle-06-2017-0697.jpg 1200w\" sizes=\"(max-width: 300px) 100vw, 300px\" \/><\/a>\n                            <div class='uk-panel uk-padding-small'>mambo &#8216;downtown absurdia&#8217; &#8211; 4. urbanart biennale &#8211; v\u00f6lklingen<\/div>\n            \n        <\/div>\n            <div class='uk-text-center'>\n\n            \n            <a href='https:\/\/www.urbanpresents.net\/wp-content\/uploads\/2017\/06\/urbanart-biennale-voelklingen-moellerhalle-06-2017-0703.jpg'><img loading=\"lazy\" decoding=\"async\" width=\"300\" height=\"200\" src=\"https:\/\/www.urbanpresents.net\/wp-content\/uploads\/2017\/06\/urbanart-biennale-voelklingen-moellerhalle-06-2017-0703-300x200.jpg\" class=\"attachment-medium size-medium\" alt=\"nawer &#039;nawer x sicoer signals&#039; - 4\" srcset=\"https:\/\/www.urbanpresents.net\/wp-content\/uploads\/2017\/06\/urbanart-biennale-voelklingen-moellerhalle-06-2017-0703-300x200.jpg 300w, https:\/\/www.urbanpresents.net\/wp-content\/uploads\/2017\/06\/urbanart-biennale-voelklingen-moellerhalle-06-2017-0703-768x512.jpg 768w, https:\/\/www.urbanpresents.net\/wp-content\/uploads\/2017\/06\/urbanart-biennale-voelklingen-moellerhalle-06-2017-0703-1024x683.jpg 1024w, https:\/\/www.urbanpresents.net\/wp-content\/uploads\/2017\/06\/urbanart-biennale-voelklingen-moellerhalle-06-2017-0703.jpg 1200w\" sizes=\"(max-width: 300px) 100vw, 300px\" \/><\/a>\n                            <div class='uk-panel uk-padding-small'>nawer &#8216;nawer x sicoer signals&#8217; &#8211; 4. urbanart biennale &#8211; v\u00f6lklingen<\/div>\n            \n        <\/div>\n            <div class='uk-text-center'>\n\n            \n            <a href='https:\/\/www.urbanpresents.net\/wp-content\/uploads\/2017\/06\/urbanart-biennale-voelklingen-moellerhalle-06-2017-0706.jpg'><img loading=\"lazy\" decoding=\"async\" width=\"300\" height=\"200\" src=\"https:\/\/www.urbanpresents.net\/wp-content\/uploads\/2017\/06\/urbanart-biennale-voelklingen-moellerhalle-06-2017-0706-300x200.jpg\" class=\"attachment-medium size-medium\" alt=\"madc &#039;200217-12:48&#039; - 4\" srcset=\"https:\/\/www.urbanpresents.net\/wp-content\/uploads\/2017\/06\/urbanart-biennale-voelklingen-moellerhalle-06-2017-0706-300x200.jpg 300w, https:\/\/www.urbanpresents.net\/wp-content\/uploads\/2017\/06\/urbanart-biennale-voelklingen-moellerhalle-06-2017-0706-768x512.jpg 768w, https:\/\/www.urbanpresents.net\/wp-content\/uploads\/2017\/06\/urbanart-biennale-voelklingen-moellerhalle-06-2017-0706-1024x683.jpg 1024w, https:\/\/www.urbanpresents.net\/wp-content\/uploads\/2017\/06\/urbanart-biennale-voelklingen-moellerhalle-06-2017-0706.jpg 1200w\" sizes=\"(max-width: 300px) 100vw, 300px\" \/><\/a>\n                            <div class='uk-panel uk-padding-small'>madc &#8216;200217-12:48&#8217; &#8211; 4. urbanart biennale &#8211; v\u00f6lklingen<\/div>\n            \n        <\/div>\n            <div class='uk-text-center'>\n\n            \n            <a href='https:\/\/www.urbanpresents.net\/wp-content\/uploads\/2017\/06\/urbanart-biennale-voelklingen-moellerhalle-06-2017-0720.jpg'><img loading=\"lazy\" decoding=\"async\" width=\"300\" height=\"200\" src=\"https:\/\/www.urbanpresents.net\/wp-content\/uploads\/2017\/06\/urbanart-biennale-voelklingen-moellerhalle-06-2017-0720-300x200.jpg\" class=\"attachment-medium size-medium\" alt=\"cranio &#039;take me out of the bush&#039; - 4\" srcset=\"https:\/\/www.urbanpresents.net\/wp-content\/uploads\/2017\/06\/urbanart-biennale-voelklingen-moellerhalle-06-2017-0720-300x200.jpg 300w, https:\/\/www.urbanpresents.net\/wp-content\/uploads\/2017\/06\/urbanart-biennale-voelklingen-moellerhalle-06-2017-0720-768x512.jpg 768w, https:\/\/www.urbanpresents.net\/wp-content\/uploads\/2017\/06\/urbanart-biennale-voelklingen-moellerhalle-06-2017-0720-1024x683.jpg 1024w, https:\/\/www.urbanpresents.net\/wp-content\/uploads\/2017\/06\/urbanart-biennale-voelklingen-moellerhalle-06-2017-0720.jpg 1200w\" sizes=\"(max-width: 300px) 100vw, 300px\" \/><\/a>\n                            <div class='uk-panel uk-padding-small'>cranio &#8216;take me out of the bush&#8217; &#8211; 4. urbanart biennale &#8211; v\u00f6lklingen<\/div>\n            \n        <\/div>\n            <div class='uk-text-center'>\n\n            \n            <a href='https:\/\/www.urbanpresents.net\/wp-content\/uploads\/2017\/06\/urbanart-biennale-voelklingen-moellerhalle-06-2017-01159.jpg'><img loading=\"lazy\" decoding=\"async\" width=\"300\" height=\"200\" src=\"https:\/\/www.urbanpresents.net\/wp-content\/uploads\/2017\/06\/urbanart-biennale-voelklingen-moellerhalle-06-2017-01159-300x200.jpg\" class=\"attachment-medium size-medium\" alt=\"cranio &#039;cururu&#039; - 4\" srcset=\"https:\/\/www.urbanpresents.net\/wp-content\/uploads\/2017\/06\/urbanart-biennale-voelklingen-moellerhalle-06-2017-01159-300x200.jpg 300w, https:\/\/www.urbanpresents.net\/wp-content\/uploads\/2017\/06\/urbanart-biennale-voelklingen-moellerhalle-06-2017-01159-768x512.jpg 768w, https:\/\/www.urbanpresents.net\/wp-content\/uploads\/2017\/06\/urbanart-biennale-voelklingen-moellerhalle-06-2017-01159-1024x683.jpg 1024w, https:\/\/www.urbanpresents.net\/wp-content\/uploads\/2017\/06\/urbanart-biennale-voelklingen-moellerhalle-06-2017-01159.jpg 1200w\" sizes=\"(max-width: 300px) 100vw, 300px\" \/><\/a>\n                            <div class='uk-panel uk-padding-small'>cranio &#8216;cururu&#8217; &#8211; 4. urbanart biennale &#8211; v\u00f6lklingen<\/div>\n            \n        <\/div>\n            <div class='uk-text-center'>\n\n            \n            <a href='https:\/\/www.urbanpresents.net\/wp-content\/uploads\/2017\/06\/urbanart-biennale-voelklingen-moellerhalle-06-2017-0893.jpg'><img loading=\"lazy\" decoding=\"async\" width=\"300\" height=\"200\" src=\"https:\/\/www.urbanpresents.net\/wp-content\/uploads\/2017\/06\/urbanart-biennale-voelklingen-moellerhalle-06-2017-0893-300x200.jpg\" class=\"attachment-medium size-medium\" alt=\"cranio &#039;i am on a diet&#039; - 4\" srcset=\"https:\/\/www.urbanpresents.net\/wp-content\/uploads\/2017\/06\/urbanart-biennale-voelklingen-moellerhalle-06-2017-0893-300x200.jpg 300w, https:\/\/www.urbanpresents.net\/wp-content\/uploads\/2017\/06\/urbanart-biennale-voelklingen-moellerhalle-06-2017-0893-768x512.jpg 768w, https:\/\/www.urbanpresents.net\/wp-content\/uploads\/2017\/06\/urbanart-biennale-voelklingen-moellerhalle-06-2017-0893-1024x683.jpg 1024w, https:\/\/www.urbanpresents.net\/wp-content\/uploads\/2017\/06\/urbanart-biennale-voelklingen-moellerhalle-06-2017-0893.jpg 1200w\" sizes=\"(max-width: 300px) 100vw, 300px\" \/><\/a>\n                            <div class='uk-panel uk-padding-small'>cranio &#8216;i am on a diet&#8217; &#8211; 4. urbanart biennale &#8211; v\u00f6lklingen<\/div>\n            \n        <\/div>\n            <div class='uk-text-center'>\n\n            \n            <a href='https:\/\/www.urbanpresents.net\/wp-content\/uploads\/2017\/06\/urbanart-biennale-voelklingen-moellerhalle-06-2017-01161.jpg'><img loading=\"lazy\" decoding=\"async\" width=\"300\" height=\"200\" src=\"https:\/\/www.urbanpresents.net\/wp-content\/uploads\/2017\/06\/urbanart-biennale-voelklingen-moellerhalle-06-2017-01161-300x200.jpg\" class=\"attachment-medium size-medium\" alt=\"cranio &#039;i am on a diet&#039; - 4\" srcset=\"https:\/\/www.urbanpresents.net\/wp-content\/uploads\/2017\/06\/urbanart-biennale-voelklingen-moellerhalle-06-2017-01161-300x200.jpg 300w, https:\/\/www.urbanpresents.net\/wp-content\/uploads\/2017\/06\/urbanart-biennale-voelklingen-moellerhalle-06-2017-01161-768x512.jpg 768w, https:\/\/www.urbanpresents.net\/wp-content\/uploads\/2017\/06\/urbanart-biennale-voelklingen-moellerhalle-06-2017-01161-1024x683.jpg 1024w, https:\/\/www.urbanpresents.net\/wp-content\/uploads\/2017\/06\/urbanart-biennale-voelklingen-moellerhalle-06-2017-01161.jpg 1200w\" sizes=\"(max-width: 300px) 100vw, 300px\" \/><\/a>\n                            <div class='uk-panel uk-padding-small'>cranio &#8216;i am on a diet&#8217; &#8211; 4. urbanart biennale &#8211; v\u00f6lklingen<\/div>\n            \n        <\/div>\n            <div class='uk-text-center'>\n\n            \n            <a href='https:\/\/www.urbanpresents.net\/wp-content\/uploads\/2017\/06\/urbanart-biennale-voelklingen-moellerhalle-06-2017-01163.jpg'><img loading=\"lazy\" decoding=\"async\" width=\"300\" height=\"200\" src=\"https:\/\/www.urbanpresents.net\/wp-content\/uploads\/2017\/06\/urbanart-biennale-voelklingen-moellerhalle-06-2017-01163-300x200.jpg\" class=\"attachment-medium size-medium\" alt=\"cranio &#039;i am on a diet&#039; - 4\" srcset=\"https:\/\/www.urbanpresents.net\/wp-content\/uploads\/2017\/06\/urbanart-biennale-voelklingen-moellerhalle-06-2017-01163-300x200.jpg 300w, https:\/\/www.urbanpresents.net\/wp-content\/uploads\/2017\/06\/urbanart-biennale-voelklingen-moellerhalle-06-2017-01163-768x512.jpg 768w, https:\/\/www.urbanpresents.net\/wp-content\/uploads\/2017\/06\/urbanart-biennale-voelklingen-moellerhalle-06-2017-01163-1024x683.jpg 1024w, https:\/\/www.urbanpresents.net\/wp-content\/uploads\/2017\/06\/urbanart-biennale-voelklingen-moellerhalle-06-2017-01163.jpg 1200w\" sizes=\"(max-width: 300px) 100vw, 300px\" \/><\/a>\n                            <div class='uk-panel uk-padding-small'>cranio &#8216;i am on a diet&#8217; &#8211; 4. urbanart biennale &#8211; v\u00f6lklingen<\/div>\n            \n        <\/div>\n            <div class='uk-text-center'>\n\n            \n            <a href='https:\/\/www.urbanpresents.net\/wp-content\/uploads\/2017\/06\/urbanart-biennale-voelklingen-moellerhalle-06-2017-0890.jpg'><img loading=\"lazy\" decoding=\"async\" width=\"300\" height=\"200\" src=\"https:\/\/www.urbanpresents.net\/wp-content\/uploads\/2017\/06\/urbanart-biennale-voelklingen-moellerhalle-06-2017-0890-300x200.jpg\" class=\"attachment-medium size-medium\" alt=\"cranio &amp; os gemeos - 4\" srcset=\"https:\/\/www.urbanpresents.net\/wp-content\/uploads\/2017\/06\/urbanart-biennale-voelklingen-moellerhalle-06-2017-0890-300x200.jpg 300w, https:\/\/www.urbanpresents.net\/wp-content\/uploads\/2017\/06\/urbanart-biennale-voelklingen-moellerhalle-06-2017-0890-768x512.jpg 768w, https:\/\/www.urbanpresents.net\/wp-content\/uploads\/2017\/06\/urbanart-biennale-voelklingen-moellerhalle-06-2017-0890-1024x683.jpg 1024w, https:\/\/www.urbanpresents.net\/wp-content\/uploads\/2017\/06\/urbanart-biennale-voelklingen-moellerhalle-06-2017-0890.jpg 1200w\" sizes=\"(max-width: 300px) 100vw, 300px\" \/><\/a>\n                            <div class='uk-panel uk-padding-small'>cranio &amp; os gemeos &#8211; 4. urbanart biennale &#8211; v\u00f6lklingen<\/div>\n            \n        <\/div>\n            <div class='uk-text-center'>\n\n            \n            <a href='https:\/\/www.urbanpresents.net\/wp-content\/uploads\/2017\/06\/urbanart-biennale-voelklingen-moellerhalle-06-2017-01182.jpg'><img loading=\"lazy\" decoding=\"async\" width=\"300\" height=\"200\" src=\"https:\/\/www.urbanpresents.net\/wp-content\/uploads\/2017\/06\/urbanart-biennale-voelklingen-moellerhalle-06-2017-01182-300x200.jpg\" class=\"attachment-medium size-medium\" alt=\"os gemeos &#039;la mujer que escucha la radio desnuda&#039; - 4\" srcset=\"https:\/\/www.urbanpresents.net\/wp-content\/uploads\/2017\/06\/urbanart-biennale-voelklingen-moellerhalle-06-2017-01182-300x200.jpg 300w, https:\/\/www.urbanpresents.net\/wp-content\/uploads\/2017\/06\/urbanart-biennale-voelklingen-moellerhalle-06-2017-01182-768x512.jpg 768w, https:\/\/www.urbanpresents.net\/wp-content\/uploads\/2017\/06\/urbanart-biennale-voelklingen-moellerhalle-06-2017-01182-1024x683.jpg 1024w, https:\/\/www.urbanpresents.net\/wp-content\/uploads\/2017\/06\/urbanart-biennale-voelklingen-moellerhalle-06-2017-01182.jpg 1200w\" sizes=\"(max-width: 300px) 100vw, 300px\" \/><\/a>\n                            <div class='uk-panel uk-padding-small'>os gemeos &#8216;la mujer que escucha la radio desnuda&#8217; &#8211; 4. urbanart biennale &#8211; v\u00f6lklingen<\/div>\n            \n        <\/div>\n            <div class='uk-text-center'>\n\n            \n            <a href='https:\/\/www.urbanpresents.net\/wp-content\/uploads\/2017\/06\/urbanart-biennale-voelklingen-moellerhalle-06-2017-0803.jpg'><img loading=\"lazy\" decoding=\"async\" width=\"300\" height=\"200\" src=\"https:\/\/www.urbanpresents.net\/wp-content\/uploads\/2017\/06\/urbanart-biennale-voelklingen-moellerhalle-06-2017-0803-300x200.jpg\" class=\"attachment-medium size-medium\" alt=\"stinkfish &#039;bhaktapur girls&#039; - 4\" srcset=\"https:\/\/www.urbanpresents.net\/wp-content\/uploads\/2017\/06\/urbanart-biennale-voelklingen-moellerhalle-06-2017-0803-300x200.jpg 300w, https:\/\/www.urbanpresents.net\/wp-content\/uploads\/2017\/06\/urbanart-biennale-voelklingen-moellerhalle-06-2017-0803-768x512.jpg 768w, https:\/\/www.urbanpresents.net\/wp-content\/uploads\/2017\/06\/urbanart-biennale-voelklingen-moellerhalle-06-2017-0803-1024x683.jpg 1024w, https:\/\/www.urbanpresents.net\/wp-content\/uploads\/2017\/06\/urbanart-biennale-voelklingen-moellerhalle-06-2017-0803.jpg 1200w\" sizes=\"(max-width: 300px) 100vw, 300px\" \/><\/a>\n                            <div class='uk-panel uk-padding-small'>stinkfish &#8216;bhaktapur girls&#8217; &#8211; 4. urbanart biennale &#8211; v\u00f6lklingen<\/div>\n            \n        <\/div>\n            <div class='uk-text-center'>\n\n            \n            <a href='https:\/\/www.urbanpresents.net\/wp-content\/uploads\/2017\/06\/urbanart-biennale-voelklingen-moellerhalle-06-2017-01164.jpg'><img loading=\"lazy\" decoding=\"async\" width=\"300\" height=\"200\" src=\"https:\/\/www.urbanpresents.net\/wp-content\/uploads\/2017\/06\/urbanart-biennale-voelklingen-moellerhalle-06-2017-01164-300x200.jpg\" class=\"attachment-medium size-medium\" alt=\"wandapot &#039;virgen ruda&#039; - 4\" srcset=\"https:\/\/www.urbanpresents.net\/wp-content\/uploads\/2017\/06\/urbanart-biennale-voelklingen-moellerhalle-06-2017-01164-300x200.jpg 300w, https:\/\/www.urbanpresents.net\/wp-content\/uploads\/2017\/06\/urbanart-biennale-voelklingen-moellerhalle-06-2017-01164-768x512.jpg 768w, https:\/\/www.urbanpresents.net\/wp-content\/uploads\/2017\/06\/urbanart-biennale-voelklingen-moellerhalle-06-2017-01164-1024x683.jpg 1024w, https:\/\/www.urbanpresents.net\/wp-content\/uploads\/2017\/06\/urbanart-biennale-voelklingen-moellerhalle-06-2017-01164.jpg 1200w\" sizes=\"(max-width: 300px) 100vw, 300px\" \/><\/a>\n                            <div class='uk-panel uk-padding-small'>wandapot &#8216;virgen ruda&#8217; &#8211; 4. urbanart biennale &#8211; v\u00f6lklingen<\/div>\n            \n        <\/div>\n            <div class='uk-text-center'>\n\n            \n            <a href='https:\/\/www.urbanpresents.net\/wp-content\/uploads\/2017\/06\/urbanart-biennale-voelklingen-moellerhalle-06-2017-01167.jpg'><img loading=\"lazy\" decoding=\"async\" width=\"300\" height=\"200\" src=\"https:\/\/www.urbanpresents.net\/wp-content\/uploads\/2017\/06\/urbanart-biennale-voelklingen-moellerhalle-06-2017-01167-300x200.jpg\" class=\"attachment-medium size-medium\" alt=\"subtu &#039;a study about walls&#039; - 4\" srcset=\"https:\/\/www.urbanpresents.net\/wp-content\/uploads\/2017\/06\/urbanart-biennale-voelklingen-moellerhalle-06-2017-01167-300x200.jpg 300w, https:\/\/www.urbanpresents.net\/wp-content\/uploads\/2017\/06\/urbanart-biennale-voelklingen-moellerhalle-06-2017-01167-768x512.jpg 768w, https:\/\/www.urbanpresents.net\/wp-content\/uploads\/2017\/06\/urbanart-biennale-voelklingen-moellerhalle-06-2017-01167-1024x683.jpg 1024w, https:\/\/www.urbanpresents.net\/wp-content\/uploads\/2017\/06\/urbanart-biennale-voelklingen-moellerhalle-06-2017-01167.jpg 1200w\" sizes=\"(max-width: 300px) 100vw, 300px\" \/><\/a>\n                            <div class='uk-panel uk-padding-small'>subtu &#8216;a study about walls&#8217; &#8211; 4. urbanart biennale &#8211; v\u00f6lklingen<\/div>\n            \n        <\/div>\n            <div class='uk-text-center'>\n\n            \n            <a href='https:\/\/www.urbanpresents.net\/wp-content\/uploads\/2017\/06\/urbanart-biennale-voelklingen-moellerhalle-06-2017-01169.jpg'><img loading=\"lazy\" decoding=\"async\" width=\"300\" height=\"200\" src=\"https:\/\/www.urbanpresents.net\/wp-content\/uploads\/2017\/06\/urbanart-biennale-voelklingen-moellerhalle-06-2017-01169-300x200.jpg\" class=\"attachment-medium size-medium\" alt=\"franco fasoli &#039;ganado&#039; - 4\" srcset=\"https:\/\/www.urbanpresents.net\/wp-content\/uploads\/2017\/06\/urbanart-biennale-voelklingen-moellerhalle-06-2017-01169-300x200.jpg 300w, https:\/\/www.urbanpresents.net\/wp-content\/uploads\/2017\/06\/urbanart-biennale-voelklingen-moellerhalle-06-2017-01169-768x512.jpg 768w, https:\/\/www.urbanpresents.net\/wp-content\/uploads\/2017\/06\/urbanart-biennale-voelklingen-moellerhalle-06-2017-01169-1024x683.jpg 1024w, https:\/\/www.urbanpresents.net\/wp-content\/uploads\/2017\/06\/urbanart-biennale-voelklingen-moellerhalle-06-2017-01169.jpg 1200w\" sizes=\"(max-width: 300px) 100vw, 300px\" \/><\/a>\n                            <div class='uk-panel uk-padding-small'>franco fasoli &#8216;ganado&#8217; &#8211; 4. urbanart biennale &#8211; v\u00f6lklingen<\/div>\n            \n        <\/div>\n            <div class='uk-text-center'>\n\n            \n            <a href='https:\/\/www.urbanpresents.net\/wp-content\/uploads\/2017\/06\/urbanart-biennale-voelklingen-moellerhalle-06-2017-01172.jpg'><img loading=\"lazy\" decoding=\"async\" width=\"300\" height=\"200\" src=\"https:\/\/www.urbanpresents.net\/wp-content\/uploads\/2017\/06\/urbanart-biennale-voelklingen-moellerhalle-06-2017-01172-300x200.jpg\" class=\"attachment-medium size-medium\" alt=\"nevercrew &#039;3 compressions&#039; - 4\" srcset=\"https:\/\/www.urbanpresents.net\/wp-content\/uploads\/2017\/06\/urbanart-biennale-voelklingen-moellerhalle-06-2017-01172-300x200.jpg 300w, https:\/\/www.urbanpresents.net\/wp-content\/uploads\/2017\/06\/urbanart-biennale-voelklingen-moellerhalle-06-2017-01172-768x512.jpg 768w, https:\/\/www.urbanpresents.net\/wp-content\/uploads\/2017\/06\/urbanart-biennale-voelklingen-moellerhalle-06-2017-01172-1024x683.jpg 1024w, https:\/\/www.urbanpresents.net\/wp-content\/uploads\/2017\/06\/urbanart-biennale-voelklingen-moellerhalle-06-2017-01172.jpg 1200w\" sizes=\"(max-width: 300px) 100vw, 300px\" \/><\/a>\n                            <div class='uk-panel uk-padding-small'>nevercrew &#8216;3 compressions&#8217; &#8211; 4. urbanart biennale &#8211; v\u00f6lklingen<\/div>\n            \n        <\/div>\n            <div class='uk-text-center'>\n\n            \n            <a href='https:\/\/www.urbanpresents.net\/wp-content\/uploads\/2017\/06\/urbanart-biennale-voelklingen-moellerhalle-06-2017-0747.jpg'><img loading=\"lazy\" decoding=\"async\" width=\"300\" height=\"200\" src=\"https:\/\/www.urbanpresents.net\/wp-content\/uploads\/2017\/06\/urbanart-biennale-voelklingen-moellerhalle-06-2017-0747-300x200.jpg\" class=\"attachment-medium size-medium\" alt=\"reka  &#039;second chance&#039; - 4\" srcset=\"https:\/\/www.urbanpresents.net\/wp-content\/uploads\/2017\/06\/urbanart-biennale-voelklingen-moellerhalle-06-2017-0747-300x200.jpg 300w, https:\/\/www.urbanpresents.net\/wp-content\/uploads\/2017\/06\/urbanart-biennale-voelklingen-moellerhalle-06-2017-0747-768x512.jpg 768w, https:\/\/www.urbanpresents.net\/wp-content\/uploads\/2017\/06\/urbanart-biennale-voelklingen-moellerhalle-06-2017-0747-1024x683.jpg 1024w, https:\/\/www.urbanpresents.net\/wp-content\/uploads\/2017\/06\/urbanart-biennale-voelklingen-moellerhalle-06-2017-0747.jpg 1200w\" sizes=\"(max-width: 300px) 100vw, 300px\" \/><\/a>\n                            <div class='uk-panel uk-padding-small'>reka  &#8216;second chance&#8217; &#8211; 4. urbanart biennale &#8211; v\u00f6lklingen<\/div>\n            \n        <\/div>\n            <div class='uk-text-center'>\n\n            \n            <a href='https:\/\/www.urbanpresents.net\/wp-content\/uploads\/2017\/06\/urbanart-biennale-voelklingen-moellerhalle-06-2017-01174.jpg'><img loading=\"lazy\" decoding=\"async\" width=\"300\" height=\"200\" src=\"https:\/\/www.urbanpresents.net\/wp-content\/uploads\/2017\/06\/urbanart-biennale-voelklingen-moellerhalle-06-2017-01174-300x200.jpg\" class=\"attachment-medium size-medium\" alt=\"raphael sagarra &#039;as sete estacoes&#039; - 4\" srcset=\"https:\/\/www.urbanpresents.net\/wp-content\/uploads\/2017\/06\/urbanart-biennale-voelklingen-moellerhalle-06-2017-01174-300x200.jpg 300w, https:\/\/www.urbanpresents.net\/wp-content\/uploads\/2017\/06\/urbanart-biennale-voelklingen-moellerhalle-06-2017-01174-768x512.jpg 768w, https:\/\/www.urbanpresents.net\/wp-content\/uploads\/2017\/06\/urbanart-biennale-voelklingen-moellerhalle-06-2017-01174-1024x683.jpg 1024w, https:\/\/www.urbanpresents.net\/wp-content\/uploads\/2017\/06\/urbanart-biennale-voelklingen-moellerhalle-06-2017-01174.jpg 1200w\" sizes=\"(max-width: 300px) 100vw, 300px\" \/><\/a>\n                            <div class='uk-panel uk-padding-small'>raphael sagarra &#8216;as sete estacoes&#8217; &#8211; 4. urbanart biennale &#8211; v\u00f6lklingen<\/div>\n            \n        <\/div>\n            <div class='uk-text-center'>\n\n            \n            <a href='https:\/\/www.urbanpresents.net\/wp-content\/uploads\/2017\/06\/urbanart-biennale-voelklingen-moellerhalle-06-2017-01176.jpg'><img loading=\"lazy\" decoding=\"async\" width=\"300\" height=\"200\" src=\"https:\/\/www.urbanpresents.net\/wp-content\/uploads\/2017\/06\/urbanart-biennale-voelklingen-moellerhalle-06-2017-01176-300x200.jpg\" class=\"attachment-medium size-medium\" alt=\"curiot &#039;chapter 4: cooling of the sun&#039; - 4\" srcset=\"https:\/\/www.urbanpresents.net\/wp-content\/uploads\/2017\/06\/urbanart-biennale-voelklingen-moellerhalle-06-2017-01176-300x200.jpg 300w, https:\/\/www.urbanpresents.net\/wp-content\/uploads\/2017\/06\/urbanart-biennale-voelklingen-moellerhalle-06-2017-01176-768x512.jpg 768w, https:\/\/www.urbanpresents.net\/wp-content\/uploads\/2017\/06\/urbanart-biennale-voelklingen-moellerhalle-06-2017-01176-1024x683.jpg 1024w, https:\/\/www.urbanpresents.net\/wp-content\/uploads\/2017\/06\/urbanart-biennale-voelklingen-moellerhalle-06-2017-01176.jpg 1200w\" sizes=\"(max-width: 300px) 100vw, 300px\" \/><\/a>\n                            <div class='uk-panel uk-padding-small'>curiot &#8216;chapter 4: cooling of the sun&#8217; &#8211; 4. urbanart biennale &#8211; v\u00f6lklingen<\/div>\n            \n        <\/div>\n            <div class='uk-text-center'>\n\n            \n            <a href='https:\/\/www.urbanpresents.net\/wp-content\/uploads\/2017\/06\/urbanart-biennale-voelklingen-moellerhalle-06-2017-01177.jpg'><img loading=\"lazy\" decoding=\"async\" width=\"300\" height=\"200\" src=\"https:\/\/www.urbanpresents.net\/wp-content\/uploads\/2017\/06\/urbanart-biennale-voelklingen-moellerhalle-06-2017-01177-300x200.jpg\" class=\"attachment-medium size-medium\" alt=\"chamarelli &#039;vintetribos solares&#039; - 4\" srcset=\"https:\/\/www.urbanpresents.net\/wp-content\/uploads\/2017\/06\/urbanart-biennale-voelklingen-moellerhalle-06-2017-01177-300x200.jpg 300w, https:\/\/www.urbanpresents.net\/wp-content\/uploads\/2017\/06\/urbanart-biennale-voelklingen-moellerhalle-06-2017-01177-768x512.jpg 768w, https:\/\/www.urbanpresents.net\/wp-content\/uploads\/2017\/06\/urbanart-biennale-voelklingen-moellerhalle-06-2017-01177-1024x683.jpg 1024w, https:\/\/www.urbanpresents.net\/wp-content\/uploads\/2017\/06\/urbanart-biennale-voelklingen-moellerhalle-06-2017-01177.jpg 1200w\" sizes=\"(max-width: 300px) 100vw, 300px\" \/><\/a>\n                            <div class='uk-panel uk-padding-small'>chamarelli &#8216;vintetribos solares&#8217; &#8211; 4. urbanart biennale &#8211; v\u00f6lklingen<\/div>\n            \n        <\/div>\n            <div class='uk-text-center'>\n\n            \n            <a href='https:\/\/www.urbanpresents.net\/wp-content\/uploads\/2017\/06\/urbanart-biennale-voelklingen-moellerhalle-06-2017-01179.jpg'><img loading=\"lazy\" decoding=\"async\" width=\"300\" height=\"200\" src=\"https:\/\/www.urbanpresents.net\/wp-content\/uploads\/2017\/06\/urbanart-biennale-voelklingen-moellerhalle-06-2017-01179-300x200.jpg\" class=\"attachment-medium size-medium\" alt=\"melim &#039;des&#039; - 4\" srcset=\"https:\/\/www.urbanpresents.net\/wp-content\/uploads\/2017\/06\/urbanart-biennale-voelklingen-moellerhalle-06-2017-01179-300x200.jpg 300w, https:\/\/www.urbanpresents.net\/wp-content\/uploads\/2017\/06\/urbanart-biennale-voelklingen-moellerhalle-06-2017-01179-768x512.jpg 768w, https:\/\/www.urbanpresents.net\/wp-content\/uploads\/2017\/06\/urbanart-biennale-voelklingen-moellerhalle-06-2017-01179-1024x683.jpg 1024w, https:\/\/www.urbanpresents.net\/wp-content\/uploads\/2017\/06\/urbanart-biennale-voelklingen-moellerhalle-06-2017-01179.jpg 1200w\" sizes=\"(max-width: 300px) 100vw, 300px\" \/><\/a>\n                            <div class='uk-panel uk-padding-small'>melim &#8216;des&#8217; &#8211; 4. urbanart biennale &#8211; v\u00f6lklingen<\/div>\n            \n        <\/div>\n            <div class='uk-text-center'>\n\n            \n            <a href='https:\/\/www.urbanpresents.net\/wp-content\/uploads\/2017\/06\/urbanart-biennale-voelklingen-moellerhalle-06-2017-01180.jpg'><img loading=\"lazy\" decoding=\"async\" width=\"300\" height=\"200\" src=\"https:\/\/www.urbanpresents.net\/wp-content\/uploads\/2017\/06\/urbanart-biennale-voelklingen-moellerhalle-06-2017-01180-300x200.jpg\" class=\"attachment-medium size-medium\" alt=\"melim &#039;des&#039; - 4\" srcset=\"https:\/\/www.urbanpresents.net\/wp-content\/uploads\/2017\/06\/urbanart-biennale-voelklingen-moellerhalle-06-2017-01180-300x200.jpg 300w, https:\/\/www.urbanpresents.net\/wp-content\/uploads\/2017\/06\/urbanart-biennale-voelklingen-moellerhalle-06-2017-01180-768x512.jpg 768w, https:\/\/www.urbanpresents.net\/wp-content\/uploads\/2017\/06\/urbanart-biennale-voelklingen-moellerhalle-06-2017-01180-1024x683.jpg 1024w, https:\/\/www.urbanpresents.net\/wp-content\/uploads\/2017\/06\/urbanart-biennale-voelklingen-moellerhalle-06-2017-01180.jpg 1200w\" sizes=\"(max-width: 300px) 100vw, 300px\" \/><\/a>\n                            <div class='uk-panel uk-padding-small'>melim &#8216;des&#8217; &#8211; 4. urbanart biennale &#8211; v\u00f6lklingen<\/div>\n            \n        <\/div>\n            <div class='uk-text-center'>\n\n            \n            <a href='https:\/\/www.urbanpresents.net\/wp-content\/uploads\/2017\/06\/urbanart-biennale-voelklingen-moellerhalle-06-2017-01185.jpg'><img loading=\"lazy\" decoding=\"async\" width=\"300\" height=\"200\" src=\"https:\/\/www.urbanpresents.net\/wp-content\/uploads\/2017\/06\/urbanart-biennale-voelklingen-moellerhalle-06-2017-01185-300x200.jpg\" class=\"attachment-medium size-medium\" alt=\"levalet &#039;gestation - delivrance - naissance&#039; - 4\" srcset=\"https:\/\/www.urbanpresents.net\/wp-content\/uploads\/2017\/06\/urbanart-biennale-voelklingen-moellerhalle-06-2017-01185-300x200.jpg 300w, https:\/\/www.urbanpresents.net\/wp-content\/uploads\/2017\/06\/urbanart-biennale-voelklingen-moellerhalle-06-2017-01185-768x512.jpg 768w, https:\/\/www.urbanpresents.net\/wp-content\/uploads\/2017\/06\/urbanart-biennale-voelklingen-moellerhalle-06-2017-01185-1024x683.jpg 1024w, https:\/\/www.urbanpresents.net\/wp-content\/uploads\/2017\/06\/urbanart-biennale-voelklingen-moellerhalle-06-2017-01185.jpg 1200w\" sizes=\"(max-width: 300px) 100vw, 300px\" \/><\/a>\n                            <div class='uk-panel uk-padding-small'>levalet &#8216;gestation &#8211; delivrance &#8211; naissance&#8217; &#8211; 4. urbanart biennale &#8211; v\u00f6lklingen<\/div>\n            \n        <\/div>\n            <div class='uk-text-center'>\n\n            \n            <a href='https:\/\/www.urbanpresents.net\/wp-content\/uploads\/2017\/06\/urbanart-biennale-voelklingen-moellerhalle-06-2017-00917.jpg'><img loading=\"lazy\" decoding=\"async\" width=\"300\" height=\"200\" src=\"https:\/\/www.urbanpresents.net\/wp-content\/uploads\/2017\/06\/urbanart-biennale-voelklingen-moellerhalle-06-2017-00917-300x200.jpg\" class=\"attachment-medium size-medium\" alt=\"levalet &#039;gestation - delivrance - naissance&#039; - 4\" srcset=\"https:\/\/www.urbanpresents.net\/wp-content\/uploads\/2017\/06\/urbanart-biennale-voelklingen-moellerhalle-06-2017-00917-300x200.jpg 300w, https:\/\/www.urbanpresents.net\/wp-content\/uploads\/2017\/06\/urbanart-biennale-voelklingen-moellerhalle-06-2017-00917-768x512.jpg 768w, https:\/\/www.urbanpresents.net\/wp-content\/uploads\/2017\/06\/urbanart-biennale-voelklingen-moellerhalle-06-2017-00917-1024x683.jpg 1024w, https:\/\/www.urbanpresents.net\/wp-content\/uploads\/2017\/06\/urbanart-biennale-voelklingen-moellerhalle-06-2017-00917.jpg 1200w\" sizes=\"(max-width: 300px) 100vw, 300px\" \/><\/a>\n                            <div class='uk-panel uk-padding-small'>levalet &#8216;gestation &#8211; delivrance &#8211; naissance&#8217; &#8211; 4. urbanart biennale &#8211; v\u00f6lklingen<\/div>\n            \n        <\/div>\n            <div class='uk-text-center'>\n\n            \n            <a href='https:\/\/www.urbanpresents.net\/wp-content\/uploads\/2017\/06\/urbanart-biennale-voelklingen-moellerhalle-06-2017-01187.jpg'><img loading=\"lazy\" decoding=\"async\" width=\"300\" height=\"200\" src=\"https:\/\/www.urbanpresents.net\/wp-content\/uploads\/2017\/06\/urbanart-biennale-voelklingen-moellerhalle-06-2017-01187-300x200.jpg\" class=\"attachment-medium size-medium\" alt=\"stephane moscate &#039;l&#039;imperatrice du moment present&#039; - 4\" srcset=\"https:\/\/www.urbanpresents.net\/wp-content\/uploads\/2017\/06\/urbanart-biennale-voelklingen-moellerhalle-06-2017-01187-300x200.jpg 300w, https:\/\/www.urbanpresents.net\/wp-content\/uploads\/2017\/06\/urbanart-biennale-voelklingen-moellerhalle-06-2017-01187-768x512.jpg 768w, https:\/\/www.urbanpresents.net\/wp-content\/uploads\/2017\/06\/urbanart-biennale-voelklingen-moellerhalle-06-2017-01187-1024x683.jpg 1024w, https:\/\/www.urbanpresents.net\/wp-content\/uploads\/2017\/06\/urbanart-biennale-voelklingen-moellerhalle-06-2017-01187.jpg 1200w\" sizes=\"(max-width: 300px) 100vw, 300px\" \/><\/a>\n                            <div class='uk-panel uk-padding-small'>stephane moscate &#8216;l&#8217;imperatrice du moment present&#8217; &#8211; 4. urbanart biennale &#8211; v\u00f6lklingen<\/div>\n            \n        <\/div>\n            <div class='uk-text-center'>\n\n            \n            <a href='https:\/\/www.urbanpresents.net\/wp-content\/uploads\/2017\/06\/urbanart-biennale-voelklingen-moellerhalle-06-2017-01192.jpg'><img loading=\"lazy\" decoding=\"async\" width=\"300\" height=\"200\" src=\"https:\/\/www.urbanpresents.net\/wp-content\/uploads\/2017\/06\/urbanart-biennale-voelklingen-moellerhalle-06-2017-01192-300x200.jpg\" class=\"attachment-medium size-medium\" alt=\"rero &#039;you know you are right&#039; - 4\" srcset=\"https:\/\/www.urbanpresents.net\/wp-content\/uploads\/2017\/06\/urbanart-biennale-voelklingen-moellerhalle-06-2017-01192-300x200.jpg 300w, https:\/\/www.urbanpresents.net\/wp-content\/uploads\/2017\/06\/urbanart-biennale-voelklingen-moellerhalle-06-2017-01192-768x512.jpg 768w, https:\/\/www.urbanpresents.net\/wp-content\/uploads\/2017\/06\/urbanart-biennale-voelklingen-moellerhalle-06-2017-01192-1024x683.jpg 1024w, https:\/\/www.urbanpresents.net\/wp-content\/uploads\/2017\/06\/urbanart-biennale-voelklingen-moellerhalle-06-2017-01192.jpg 1200w\" sizes=\"(max-width: 300px) 100vw, 300px\" \/><\/a>\n                            <div class='uk-panel uk-padding-small'>rero &#8216;you know you are right&#8217; &#8211; 4. urbanart biennale &#8211; v\u00f6lklingen<\/div>\n            \n        <\/div>\n            <div class='uk-text-center'>\n\n            \n            <a href='https:\/\/www.urbanpresents.net\/wp-content\/uploads\/2017\/06\/urbanart-biennale-voelklingen-moellerhalle-06-2017-0885.jpg'><img loading=\"lazy\" decoding=\"async\" width=\"300\" height=\"200\" src=\"https:\/\/www.urbanpresents.net\/wp-content\/uploads\/2017\/06\/urbanart-biennale-voelklingen-moellerhalle-06-2017-0885-300x200.jpg\" class=\"attachment-medium size-medium\" alt=\"alias &#039;dissident&#039; - 4\" srcset=\"https:\/\/www.urbanpresents.net\/wp-content\/uploads\/2017\/06\/urbanart-biennale-voelklingen-moellerhalle-06-2017-0885-300x200.jpg 300w, https:\/\/www.urbanpresents.net\/wp-content\/uploads\/2017\/06\/urbanart-biennale-voelklingen-moellerhalle-06-2017-0885-768x512.jpg 768w, https:\/\/www.urbanpresents.net\/wp-content\/uploads\/2017\/06\/urbanart-biennale-voelklingen-moellerhalle-06-2017-0885-1024x683.jpg 1024w, https:\/\/www.urbanpresents.net\/wp-content\/uploads\/2017\/06\/urbanart-biennale-voelklingen-moellerhalle-06-2017-0885.jpg 1200w\" sizes=\"(max-width: 300px) 100vw, 300px\" \/><\/a>\n                            <div class='uk-panel uk-padding-small'>alias &#8216;dissident&#8217; &#8211; 4. urbanart biennale &#8211; v\u00f6lklingen<\/div>\n            \n        <\/div>\n            <div class='uk-text-center'>\n\n            \n            <a href='https:\/\/www.urbanpresents.net\/wp-content\/uploads\/2017\/06\/urbanart-biennale-voelklingen-moellerhalle-06-2017-01194.jpg'><img loading=\"lazy\" decoding=\"async\" width=\"300\" height=\"200\" src=\"https:\/\/www.urbanpresents.net\/wp-content\/uploads\/2017\/06\/urbanart-biennale-voelklingen-moellerhalle-06-2017-01194-300x200.jpg\" class=\"attachment-medium size-medium\" alt=\"alias &#039;dissident&#039; - 4\" srcset=\"https:\/\/www.urbanpresents.net\/wp-content\/uploads\/2017\/06\/urbanart-biennale-voelklingen-moellerhalle-06-2017-01194-300x200.jpg 300w, https:\/\/www.urbanpresents.net\/wp-content\/uploads\/2017\/06\/urbanart-biennale-voelklingen-moellerhalle-06-2017-01194-768x512.jpg 768w, https:\/\/www.urbanpresents.net\/wp-content\/uploads\/2017\/06\/urbanart-biennale-voelklingen-moellerhalle-06-2017-01194-1024x683.jpg 1024w, https:\/\/www.urbanpresents.net\/wp-content\/uploads\/2017\/06\/urbanart-biennale-voelklingen-moellerhalle-06-2017-01194.jpg 1200w\" sizes=\"(max-width: 300px) 100vw, 300px\" \/><\/a>\n                            <div class='uk-panel uk-padding-small'>alias &#8216;dissident&#8217; &#8211; 4. urbanart biennale &#8211; v\u00f6lklingen<\/div>\n            \n        <\/div>\n            <div class='uk-text-center'>\n\n            \n            <a href='https:\/\/www.urbanpresents.net\/wp-content\/uploads\/2017\/06\/urbanart-biennale-voelklingen-moellerhalle-06-2017-01196.jpg'><img loading=\"lazy\" decoding=\"async\" width=\"300\" height=\"200\" src=\"https:\/\/www.urbanpresents.net\/wp-content\/uploads\/2017\/06\/urbanart-biennale-voelklingen-moellerhalle-06-2017-01196-300x200.jpg\" class=\"attachment-medium size-medium\" alt=\"rero &#039;fomo&#039; - 4\" srcset=\"https:\/\/www.urbanpresents.net\/wp-content\/uploads\/2017\/06\/urbanart-biennale-voelklingen-moellerhalle-06-2017-01196-300x200.jpg 300w, https:\/\/www.urbanpresents.net\/wp-content\/uploads\/2017\/06\/urbanart-biennale-voelklingen-moellerhalle-06-2017-01196-768x512.jpg 768w, https:\/\/www.urbanpresents.net\/wp-content\/uploads\/2017\/06\/urbanart-biennale-voelklingen-moellerhalle-06-2017-01196-1024x683.jpg 1024w, https:\/\/www.urbanpresents.net\/wp-content\/uploads\/2017\/06\/urbanart-biennale-voelklingen-moellerhalle-06-2017-01196.jpg 1200w\" sizes=\"(max-width: 300px) 100vw, 300px\" \/><\/a>\n                            <div class='uk-panel uk-padding-small'>rero &#8216;fomo&#8217; &#8211; 4. urbanart biennale &#8211; v\u00f6lklingen<\/div>\n            \n        <\/div>\n            <div class='uk-text-center'>\n\n            \n            <a href='https:\/\/www.urbanpresents.net\/wp-content\/uploads\/2017\/06\/urbanart-biennale-voelklingen-moellerhalle-06-2017-01204.jpg'><img loading=\"lazy\" decoding=\"async\" width=\"300\" height=\"200\" src=\"https:\/\/www.urbanpresents.net\/wp-content\/uploads\/2017\/06\/urbanart-biennale-voelklingen-moellerhalle-06-2017-01204-300x200.jpg\" class=\"attachment-medium size-medium\" alt=\"christoph rode &#039;diesseits und jenseits&#039; - 4\" srcset=\"https:\/\/www.urbanpresents.net\/wp-content\/uploads\/2017\/06\/urbanart-biennale-voelklingen-moellerhalle-06-2017-01204-300x200.jpg 300w, https:\/\/www.urbanpresents.net\/wp-content\/uploads\/2017\/06\/urbanart-biennale-voelklingen-moellerhalle-06-2017-01204-768x512.jpg 768w, https:\/\/www.urbanpresents.net\/wp-content\/uploads\/2017\/06\/urbanart-biennale-voelklingen-moellerhalle-06-2017-01204-1024x683.jpg 1024w, https:\/\/www.urbanpresents.net\/wp-content\/uploads\/2017\/06\/urbanart-biennale-voelklingen-moellerhalle-06-2017-01204.jpg 1200w\" sizes=\"(max-width: 300px) 100vw, 300px\" \/><\/a>\n                            <div class='uk-panel uk-padding-small'>christoph rode &#8216;diesseits und jenseits&#8217; &#8211; 4. urbanart biennale &#8211; v\u00f6lklingen<\/div>\n            \n        <\/div>\n            <div class='uk-text-center'>\n\n            \n            <a href='https:\/\/www.urbanpresents.net\/wp-content\/uploads\/2017\/06\/urbanart-biennale-voelklingen-moellerhalle-06-2017-01206.jpg'><img loading=\"lazy\" decoding=\"async\" width=\"300\" height=\"200\" src=\"https:\/\/www.urbanpresents.net\/wp-content\/uploads\/2017\/06\/urbanart-biennale-voelklingen-moellerhalle-06-2017-01206-300x200.jpg\" class=\"attachment-medium size-medium\" alt=\"faith47 &#039;chaos theory&#039; - 4\" srcset=\"https:\/\/www.urbanpresents.net\/wp-content\/uploads\/2017\/06\/urbanart-biennale-voelklingen-moellerhalle-06-2017-01206-300x200.jpg 300w, https:\/\/www.urbanpresents.net\/wp-content\/uploads\/2017\/06\/urbanart-biennale-voelklingen-moellerhalle-06-2017-01206-768x512.jpg 768w, https:\/\/www.urbanpresents.net\/wp-content\/uploads\/2017\/06\/urbanart-biennale-voelklingen-moellerhalle-06-2017-01206-1024x683.jpg 1024w, https:\/\/www.urbanpresents.net\/wp-content\/uploads\/2017\/06\/urbanart-biennale-voelklingen-moellerhalle-06-2017-01206.jpg 1200w\" sizes=\"(max-width: 300px) 100vw, 300px\" \/><\/a>\n                            <div class='uk-panel uk-padding-small'>faith47 &#8216;chaos theory&#8217; &#8211; 4. urbanart biennale &#8211; v\u00f6lklingen<\/div>\n            \n        <\/div>\n            <div class='uk-text-center'>\n\n            \n            <a href='https:\/\/www.urbanpresents.net\/wp-content\/uploads\/2017\/06\/urbanart-biennale-voelklingen-moellerhalle-06-2017-01208.jpg'><img loading=\"lazy\" decoding=\"async\" width=\"300\" height=\"200\" src=\"https:\/\/www.urbanpresents.net\/wp-content\/uploads\/2017\/06\/urbanart-biennale-voelklingen-moellerhalle-06-2017-01208-300x200.jpg\" class=\"attachment-medium size-medium\" alt=\"faith47 &#039;chaos theory&#039; - 4\" srcset=\"https:\/\/www.urbanpresents.net\/wp-content\/uploads\/2017\/06\/urbanart-biennale-voelklingen-moellerhalle-06-2017-01208-300x200.jpg 300w, https:\/\/www.urbanpresents.net\/wp-content\/uploads\/2017\/06\/urbanart-biennale-voelklingen-moellerhalle-06-2017-01208-768x512.jpg 768w, https:\/\/www.urbanpresents.net\/wp-content\/uploads\/2017\/06\/urbanart-biennale-voelklingen-moellerhalle-06-2017-01208-1024x683.jpg 1024w, https:\/\/www.urbanpresents.net\/wp-content\/uploads\/2017\/06\/urbanart-biennale-voelklingen-moellerhalle-06-2017-01208.jpg 1200w\" sizes=\"(max-width: 300px) 100vw, 300px\" \/><\/a>\n                            <div class='uk-panel uk-padding-small'>faith47 &#8216;chaos theory&#8217; &#8211; 4. urbanart biennale &#8211; v\u00f6lklingen<\/div>\n            \n        <\/div>\n            <div class='uk-text-center'>\n\n            \n            <a href='https:\/\/www.urbanpresents.net\/wp-content\/uploads\/2017\/06\/urbanart-biennale-voelklingen-moellerhalle-06-2017-01209.jpg'><img loading=\"lazy\" decoding=\"async\" width=\"300\" height=\"200\" src=\"https:\/\/www.urbanpresents.net\/wp-content\/uploads\/2017\/06\/urbanart-biennale-voelklingen-moellerhalle-06-2017-01209-300x200.jpg\" class=\"attachment-medium size-medium\" alt=\"faith47 &#039;chaos theory&#039; - 4\" srcset=\"https:\/\/www.urbanpresents.net\/wp-content\/uploads\/2017\/06\/urbanart-biennale-voelklingen-moellerhalle-06-2017-01209-300x200.jpg 300w, https:\/\/www.urbanpresents.net\/wp-content\/uploads\/2017\/06\/urbanart-biennale-voelklingen-moellerhalle-06-2017-01209-768x512.jpg 768w, https:\/\/www.urbanpresents.net\/wp-content\/uploads\/2017\/06\/urbanart-biennale-voelklingen-moellerhalle-06-2017-01209-1024x683.jpg 1024w, https:\/\/www.urbanpresents.net\/wp-content\/uploads\/2017\/06\/urbanart-biennale-voelklingen-moellerhalle-06-2017-01209.jpg 1200w\" sizes=\"(max-width: 300px) 100vw, 300px\" \/><\/a>\n                            <div class='uk-panel uk-padding-small'>faith47 &#8216;chaos theory&#8217; &#8211; 4. urbanart biennale &#8211; v\u00f6lklingen<\/div>\n            \n        <\/div>\n            <div class='uk-text-center'>\n\n            \n            <a href='https:\/\/www.urbanpresents.net\/wp-content\/uploads\/2017\/06\/urbanart-biennale-voelklingen-moellerhalle-06-2017-01211.jpg'><img loading=\"lazy\" decoding=\"async\" width=\"300\" height=\"200\" src=\"https:\/\/www.urbanpresents.net\/wp-content\/uploads\/2017\/06\/urbanart-biennale-voelklingen-moellerhalle-06-2017-01211-300x200.jpg\" class=\"attachment-medium size-medium\" alt=\"reso &#039;marrakech 1&#039; - 4\" srcset=\"https:\/\/www.urbanpresents.net\/wp-content\/uploads\/2017\/06\/urbanart-biennale-voelklingen-moellerhalle-06-2017-01211-300x200.jpg 300w, https:\/\/www.urbanpresents.net\/wp-content\/uploads\/2017\/06\/urbanart-biennale-voelklingen-moellerhalle-06-2017-01211-768x512.jpg 768w, https:\/\/www.urbanpresents.net\/wp-content\/uploads\/2017\/06\/urbanart-biennale-voelklingen-moellerhalle-06-2017-01211-1024x683.jpg 1024w, https:\/\/www.urbanpresents.net\/wp-content\/uploads\/2017\/06\/urbanart-biennale-voelklingen-moellerhalle-06-2017-01211.jpg 1200w\" sizes=\"(max-width: 300px) 100vw, 300px\" \/><\/a>\n                            <div class='uk-panel uk-padding-small'>reso &#8216;marrakech 1&#8217; &#8211; 4. urbanart biennale &#8211; v\u00f6lklingen<\/div>\n            \n        <\/div>\n            <div class='uk-text-center'>\n\n            \n            <a href='https:\/\/www.urbanpresents.net\/wp-content\/uploads\/2017\/06\/urbanart-biennale-voelklingen-moellerhalle-06-2017-01217.jpg'><img loading=\"lazy\" decoding=\"async\" width=\"300\" height=\"200\" src=\"https:\/\/www.urbanpresents.net\/wp-content\/uploads\/2017\/06\/urbanart-biennale-voelklingen-moellerhalle-06-2017-01217-300x200.jpg\" class=\"attachment-medium size-medium\" alt=\"reso &#039;marrakech 2&#039; - 4\" srcset=\"https:\/\/www.urbanpresents.net\/wp-content\/uploads\/2017\/06\/urbanart-biennale-voelklingen-moellerhalle-06-2017-01217-300x200.jpg 300w, https:\/\/www.urbanpresents.net\/wp-content\/uploads\/2017\/06\/urbanart-biennale-voelklingen-moellerhalle-06-2017-01217-768x512.jpg 768w, https:\/\/www.urbanpresents.net\/wp-content\/uploads\/2017\/06\/urbanart-biennale-voelklingen-moellerhalle-06-2017-01217-1024x683.jpg 1024w, https:\/\/www.urbanpresents.net\/wp-content\/uploads\/2017\/06\/urbanart-biennale-voelklingen-moellerhalle-06-2017-01217.jpg 1200w\" sizes=\"(max-width: 300px) 100vw, 300px\" \/><\/a>\n                            <div class='uk-panel uk-padding-small'>reso &#8216;marrakech 2&#8217; &#8211; 4. urbanart biennale &#8211; v\u00f6lklingen<\/div>\n            \n        <\/div>\n            <div class='uk-text-center'>\n\n            \n            <a href='https:\/\/www.urbanpresents.net\/wp-content\/uploads\/2017\/06\/urbanart-biennale-voelklingen-moellerhalle-06-2017-01212.jpg'><img loading=\"lazy\" decoding=\"async\" width=\"300\" height=\"200\" src=\"https:\/\/www.urbanpresents.net\/wp-content\/uploads\/2017\/06\/urbanart-biennale-voelklingen-moellerhalle-06-2017-01212-300x200.jpg\" class=\"attachment-medium size-medium\" alt=\"tasso &#039;es war einmal\" srcset=\"https:\/\/www.urbanpresents.net\/wp-content\/uploads\/2017\/06\/urbanart-biennale-voelklingen-moellerhalle-06-2017-01212-300x200.jpg 300w, https:\/\/www.urbanpresents.net\/wp-content\/uploads\/2017\/06\/urbanart-biennale-voelklingen-moellerhalle-06-2017-01212-768x512.jpg 768w, https:\/\/www.urbanpresents.net\/wp-content\/uploads\/2017\/06\/urbanart-biennale-voelklingen-moellerhalle-06-2017-01212-1024x683.jpg 1024w, https:\/\/www.urbanpresents.net\/wp-content\/uploads\/2017\/06\/urbanart-biennale-voelklingen-moellerhalle-06-2017-01212.jpg 1200w\" sizes=\"(max-width: 300px) 100vw, 300px\" \/><\/a>\n                            <div class='uk-panel uk-padding-small'>tasso &#8216;es war einmal&#8230;&#8217; &#8211; 4. urbanart biennale &#8211; v\u00f6lklingen<\/div>\n            \n        <\/div>\n            <div class='uk-text-center'>\n\n            \n            <a href='https:\/\/www.urbanpresents.net\/wp-content\/uploads\/2017\/06\/urbanart-biennale-voelklingen-moellerhalle-06-2017-0774.jpg'><img loading=\"lazy\" decoding=\"async\" width=\"300\" height=\"200\" src=\"https:\/\/www.urbanpresents.net\/wp-content\/uploads\/2017\/06\/urbanart-biennale-voelklingen-moellerhalle-06-2017-0774-300x200.jpg\" class=\"attachment-medium size-medium\" alt=\"augostino lacurci &#039;coincidences n2&#039; - 4\" srcset=\"https:\/\/www.urbanpresents.net\/wp-content\/uploads\/2017\/06\/urbanart-biennale-voelklingen-moellerhalle-06-2017-0774-300x200.jpg 300w, https:\/\/www.urbanpresents.net\/wp-content\/uploads\/2017\/06\/urbanart-biennale-voelklingen-moellerhalle-06-2017-0774-768x512.jpg 768w, https:\/\/www.urbanpresents.net\/wp-content\/uploads\/2017\/06\/urbanart-biennale-voelklingen-moellerhalle-06-2017-0774-1024x683.jpg 1024w, https:\/\/www.urbanpresents.net\/wp-content\/uploads\/2017\/06\/urbanart-biennale-voelklingen-moellerhalle-06-2017-0774.jpg 1200w\" sizes=\"(max-width: 300px) 100vw, 300px\" \/><\/a>\n                            <div class='uk-panel uk-padding-small'>augostino lacurci &#8216;coincidences n2&#8217; &#8211; 4. urbanart biennale &#8211; v\u00f6lklingen<\/div>\n            \n        <\/div>\n            <div class='uk-text-center'>\n\n            \n            <a href='https:\/\/www.urbanpresents.net\/wp-content\/uploads\/2017\/06\/urbanart-biennale-voelklingen-moellerhalle-06-2017-0800.jpg'><img loading=\"lazy\" decoding=\"async\" width=\"300\" height=\"200\" src=\"https:\/\/www.urbanpresents.net\/wp-content\/uploads\/2017\/06\/urbanart-biennale-voelklingen-moellerhalle-06-2017-0800-300x200.jpg\" class=\"attachment-medium size-medium\" alt=\"won abc &#039;acab - all chicken are beautiful&#039; - 4\" srcset=\"https:\/\/www.urbanpresents.net\/wp-content\/uploads\/2017\/06\/urbanart-biennale-voelklingen-moellerhalle-06-2017-0800-300x200.jpg 300w, https:\/\/www.urbanpresents.net\/wp-content\/uploads\/2017\/06\/urbanart-biennale-voelklingen-moellerhalle-06-2017-0800-768x512.jpg 768w, https:\/\/www.urbanpresents.net\/wp-content\/uploads\/2017\/06\/urbanart-biennale-voelklingen-moellerhalle-06-2017-0800-1024x683.jpg 1024w, https:\/\/www.urbanpresents.net\/wp-content\/uploads\/2017\/06\/urbanart-biennale-voelklingen-moellerhalle-06-2017-0800.jpg 1200w\" sizes=\"(max-width: 300px) 100vw, 300px\" \/><\/a>\n                            <div class='uk-panel uk-padding-small'>won abc &#8216;acab &#8211; all chicken are beautiful&#8217; &#8211; 4. urbanart biennale &#8211; v\u00f6lklingen<\/div>\n            \n        <\/div>\n            <div class='uk-text-center'>\n\n            \n            <a href='https:\/\/www.urbanpresents.net\/wp-content\/uploads\/2017\/06\/urbanart-biennale-voelklingen-moellerhalle-06-2017-01219.jpg'><img loading=\"lazy\" decoding=\"async\" width=\"300\" height=\"200\" src=\"https:\/\/www.urbanpresents.net\/wp-content\/uploads\/2017\/06\/urbanart-biennale-voelklingen-moellerhalle-06-2017-01219-300x200.jpg\" class=\"attachment-medium size-medium\" alt=\"daniel man &#039;the insight of sideout&#039; - 4\" srcset=\"https:\/\/www.urbanpresents.net\/wp-content\/uploads\/2017\/06\/urbanart-biennale-voelklingen-moellerhalle-06-2017-01219-300x200.jpg 300w, https:\/\/www.urbanpresents.net\/wp-content\/uploads\/2017\/06\/urbanart-biennale-voelklingen-moellerhalle-06-2017-01219-768x512.jpg 768w, https:\/\/www.urbanpresents.net\/wp-content\/uploads\/2017\/06\/urbanart-biennale-voelklingen-moellerhalle-06-2017-01219-1024x683.jpg 1024w, https:\/\/www.urbanpresents.net\/wp-content\/uploads\/2017\/06\/urbanart-biennale-voelklingen-moellerhalle-06-2017-01219.jpg 1200w\" sizes=\"(max-width: 300px) 100vw, 300px\" \/><\/a>\n                            <div class='uk-panel uk-padding-small'>daniel man &#8216;the insight of sideout&#8217; &#8211; 4. urbanart biennale &#8211; v\u00f6lklingen<\/div>\n            \n        <\/div>\n            <div class='uk-text-center'>\n\n            \n            <a href='https:\/\/www.urbanpresents.net\/wp-content\/uploads\/2017\/06\/urbanart-biennale-voelklingen-moellerhalle-06-2017-01222.jpg'><img loading=\"lazy\" decoding=\"async\" width=\"300\" height=\"200\" src=\"https:\/\/www.urbanpresents.net\/wp-content\/uploads\/2017\/06\/urbanart-biennale-voelklingen-moellerhalle-06-2017-01222-300x200.jpg\" class=\"attachment-medium size-medium\" alt=\"banksy &#039;toxic mary&#039; - 4\" srcset=\"https:\/\/www.urbanpresents.net\/wp-content\/uploads\/2017\/06\/urbanart-biennale-voelklingen-moellerhalle-06-2017-01222-300x200.jpg 300w, https:\/\/www.urbanpresents.net\/wp-content\/uploads\/2017\/06\/urbanart-biennale-voelklingen-moellerhalle-06-2017-01222-768x512.jpg 768w, https:\/\/www.urbanpresents.net\/wp-content\/uploads\/2017\/06\/urbanart-biennale-voelklingen-moellerhalle-06-2017-01222-1024x683.jpg 1024w, https:\/\/www.urbanpresents.net\/wp-content\/uploads\/2017\/06\/urbanart-biennale-voelklingen-moellerhalle-06-2017-01222.jpg 1200w\" sizes=\"(max-width: 300px) 100vw, 300px\" \/><\/a>\n                            <div class='uk-panel uk-padding-small'>banksy &#8216;toxic mary&#8217; &#8211; 4. urbanart biennale &#8211; v\u00f6lklingen<\/div>\n            \n        <\/div>\n            <div class='uk-text-center'>\n\n            \n            <a href='https:\/\/www.urbanpresents.net\/wp-content\/uploads\/2017\/06\/urbanart-biennale-voelklingen-moellerhalle-06-2017-0883.jpg'><img loading=\"lazy\" decoding=\"async\" width=\"300\" height=\"200\" src=\"https:\/\/www.urbanpresents.net\/wp-content\/uploads\/2017\/06\/urbanart-biennale-voelklingen-moellerhalle-06-2017-0883-300x200.jpg\" class=\"attachment-medium size-medium\" alt=\"banksy &#039;toxic mary&#039; - 4\" srcset=\"https:\/\/www.urbanpresents.net\/wp-content\/uploads\/2017\/06\/urbanart-biennale-voelklingen-moellerhalle-06-2017-0883-300x200.jpg 300w, https:\/\/www.urbanpresents.net\/wp-content\/uploads\/2017\/06\/urbanart-biennale-voelklingen-moellerhalle-06-2017-0883-768x512.jpg 768w, https:\/\/www.urbanpresents.net\/wp-content\/uploads\/2017\/06\/urbanart-biennale-voelklingen-moellerhalle-06-2017-0883-1024x683.jpg 1024w, https:\/\/www.urbanpresents.net\/wp-content\/uploads\/2017\/06\/urbanart-biennale-voelklingen-moellerhalle-06-2017-0883.jpg 1200w\" sizes=\"(max-width: 300px) 100vw, 300px\" \/><\/a>\n                            <div class='uk-panel uk-padding-small'>banksy &#8216;toxic mary&#8217; &#8211; 4. urbanart biennale &#8211; v\u00f6lklingen<\/div>\n            \n        <\/div>\n            <div class='uk-text-center'>\n\n            \n            <a href='https:\/\/www.urbanpresents.net\/wp-content\/uploads\/2017\/06\/urbanart-biennale-voelklingen-moellerhalle-06-2017-01224.jpg'><img loading=\"lazy\" decoding=\"async\" width=\"300\" height=\"200\" src=\"https:\/\/www.urbanpresents.net\/wp-content\/uploads\/2017\/06\/urbanart-biennale-voelklingen-moellerhalle-06-2017-01224-300x200.jpg\" class=\"attachment-medium size-medium\" alt=\"ian kuali&#039;i &#039;fragments melancholy wasteland&#039; - 4\" srcset=\"https:\/\/www.urbanpresents.net\/wp-content\/uploads\/2017\/06\/urbanart-biennale-voelklingen-moellerhalle-06-2017-01224-300x200.jpg 300w, https:\/\/www.urbanpresents.net\/wp-content\/uploads\/2017\/06\/urbanart-biennale-voelklingen-moellerhalle-06-2017-01224-768x512.jpg 768w, https:\/\/www.urbanpresents.net\/wp-content\/uploads\/2017\/06\/urbanart-biennale-voelklingen-moellerhalle-06-2017-01224-1024x683.jpg 1024w, https:\/\/www.urbanpresents.net\/wp-content\/uploads\/2017\/06\/urbanart-biennale-voelklingen-moellerhalle-06-2017-01224.jpg 1200w\" sizes=\"(max-width: 300px) 100vw, 300px\" \/><\/a>\n                            <div class='uk-panel uk-padding-small'>ian kuali&#8217;i &#8216;fragments melancholy wasteland&#8217; &#8211; 4. urbanart biennale &#8211; v\u00f6lklingen<\/div>\n            \n        <\/div>\n            <div class='uk-text-center'>\n\n            \n            <a href='https:\/\/www.urbanpresents.net\/wp-content\/uploads\/2017\/06\/urbanart-biennale-voelklingen-moellerhalle-06-2017-0799.jpg'><img loading=\"lazy\" decoding=\"async\" width=\"300\" height=\"200\" src=\"https:\/\/www.urbanpresents.net\/wp-content\/uploads\/2017\/06\/urbanart-biennale-voelklingen-moellerhalle-06-2017-0799-300x200.jpg\" class=\"attachment-medium size-medium\" alt=\"ian kuali&#039;i &#039;fragments melancholy wasteland&#039; - 4\" srcset=\"https:\/\/www.urbanpresents.net\/wp-content\/uploads\/2017\/06\/urbanart-biennale-voelklingen-moellerhalle-06-2017-0799-300x200.jpg 300w, https:\/\/www.urbanpresents.net\/wp-content\/uploads\/2017\/06\/urbanart-biennale-voelklingen-moellerhalle-06-2017-0799-768x512.jpg 768w, https:\/\/www.urbanpresents.net\/wp-content\/uploads\/2017\/06\/urbanart-biennale-voelklingen-moellerhalle-06-2017-0799-1024x683.jpg 1024w, https:\/\/www.urbanpresents.net\/wp-content\/uploads\/2017\/06\/urbanart-biennale-voelklingen-moellerhalle-06-2017-0799.jpg 1200w\" sizes=\"(max-width: 300px) 100vw, 300px\" \/><\/a>\n                            <div class='uk-panel uk-padding-small'>ian kuali&#8217;i &#8216;fragments melancholy wasteland&#8217; &#8211; 4. urbanart biennale &#8211; v\u00f6lklingen<\/div>\n            \n        <\/div>\n            <div class='uk-text-center'>\n\n            \n            <a href='https:\/\/www.urbanpresents.net\/wp-content\/uploads\/2017\/06\/urbanart-biennale-voelklingen-moellerhalle-06-2017-01226.jpg'><img loading=\"lazy\" decoding=\"async\" width=\"300\" height=\"200\" src=\"https:\/\/www.urbanpresents.net\/wp-content\/uploads\/2017\/06\/urbanart-biennale-voelklingen-moellerhalle-06-2017-01226-300x200.jpg\" class=\"attachment-medium size-medium\" alt=\"blek le rat &#039;david on wood&#039; - 4\" srcset=\"https:\/\/www.urbanpresents.net\/wp-content\/uploads\/2017\/06\/urbanart-biennale-voelklingen-moellerhalle-06-2017-01226-300x200.jpg 300w, https:\/\/www.urbanpresents.net\/wp-content\/uploads\/2017\/06\/urbanart-biennale-voelklingen-moellerhalle-06-2017-01226-768x512.jpg 768w, https:\/\/www.urbanpresents.net\/wp-content\/uploads\/2017\/06\/urbanart-biennale-voelklingen-moellerhalle-06-2017-01226-1024x683.jpg 1024w, https:\/\/www.urbanpresents.net\/wp-content\/uploads\/2017\/06\/urbanart-biennale-voelklingen-moellerhalle-06-2017-01226.jpg 1200w\" sizes=\"(max-width: 300px) 100vw, 300px\" \/><\/a>\n                            <div class='uk-panel uk-padding-small'>blek le rat &#8216;david on wood&#8217; &#8211; 4. urbanart biennale &#8211; v\u00f6lklingen<\/div>\n            \n        <\/div>\n            <div class='uk-text-center'>\n\n            \n            <a href='https:\/\/www.urbanpresents.net\/wp-content\/uploads\/2017\/06\/urbanart-biennale-voelklingen-moellerhalle-06-2017-0798.jpg'><img loading=\"lazy\" decoding=\"async\" width=\"300\" height=\"200\" src=\"https:\/\/www.urbanpresents.net\/wp-content\/uploads\/2017\/06\/urbanart-biennale-voelklingen-moellerhalle-06-2017-0798-300x200.jpg\" class=\"attachment-medium size-medium\" alt=\"jordan seiler &#039;circle study&#039; - 4\" srcset=\"https:\/\/www.urbanpresents.net\/wp-content\/uploads\/2017\/06\/urbanart-biennale-voelklingen-moellerhalle-06-2017-0798-300x200.jpg 300w, https:\/\/www.urbanpresents.net\/wp-content\/uploads\/2017\/06\/urbanart-biennale-voelklingen-moellerhalle-06-2017-0798-768x512.jpg 768w, https:\/\/www.urbanpresents.net\/wp-content\/uploads\/2017\/06\/urbanart-biennale-voelklingen-moellerhalle-06-2017-0798-1024x683.jpg 1024w, https:\/\/www.urbanpresents.net\/wp-content\/uploads\/2017\/06\/urbanart-biennale-voelklingen-moellerhalle-06-2017-0798.jpg 1200w\" sizes=\"(max-width: 300px) 100vw, 300px\" \/><\/a>\n                            <div class='uk-panel uk-padding-small'>jordan seiler &#8216;circle study&#8217; &#8211; 4. urbanart biennale &#8211; v\u00f6lklingen<\/div>\n            \n        <\/div>\n            <div class='uk-text-center'>\n\n            \n            <a href='https:\/\/www.urbanpresents.net\/wp-content\/uploads\/2017\/06\/urbanart-biennale-voelklingen-moellerhalle-06-2017-0710.jpg'><img loading=\"lazy\" decoding=\"async\" width=\"300\" height=\"200\" src=\"https:\/\/www.urbanpresents.net\/wp-content\/uploads\/2017\/06\/urbanart-biennale-voelklingen-moellerhalle-06-2017-0710-300x200.jpg\" class=\"attachment-medium size-medium\" alt=\"jef aerosol &#039;basquiat&#039; - 4\" srcset=\"https:\/\/www.urbanpresents.net\/wp-content\/uploads\/2017\/06\/urbanart-biennale-voelklingen-moellerhalle-06-2017-0710-300x200.jpg 300w, https:\/\/www.urbanpresents.net\/wp-content\/uploads\/2017\/06\/urbanart-biennale-voelklingen-moellerhalle-06-2017-0710-768x512.jpg 768w, https:\/\/www.urbanpresents.net\/wp-content\/uploads\/2017\/06\/urbanart-biennale-voelklingen-moellerhalle-06-2017-0710-1024x683.jpg 1024w, https:\/\/www.urbanpresents.net\/wp-content\/uploads\/2017\/06\/urbanart-biennale-voelklingen-moellerhalle-06-2017-0710.jpg 1200w\" sizes=\"(max-width: 300px) 100vw, 300px\" \/><\/a>\n                            <div class='uk-panel uk-padding-small'>jef aerosol &#8216;basquiat&#8217; &#8211; 4. urbanart biennale &#8211; v\u00f6lklingen<\/div>\n            \n        <\/div>\n            <div class='uk-text-center'>\n\n            \n            <a href='https:\/\/www.urbanpresents.net\/wp-content\/uploads\/2017\/06\/urbanart-biennale-voelklingen-moellerhalle-06-2017-0778.jpg'><img loading=\"lazy\" decoding=\"async\" width=\"300\" height=\"200\" src=\"https:\/\/www.urbanpresents.net\/wp-content\/uploads\/2017\/06\/urbanart-biennale-voelklingen-moellerhalle-06-2017-0778-300x200.jpg\" class=\"attachment-medium size-medium\" alt=\"gerard zlotykamien &#039;ephemere&#039; - 4\" srcset=\"https:\/\/www.urbanpresents.net\/wp-content\/uploads\/2017\/06\/urbanart-biennale-voelklingen-moellerhalle-06-2017-0778-300x200.jpg 300w, https:\/\/www.urbanpresents.net\/wp-content\/uploads\/2017\/06\/urbanart-biennale-voelklingen-moellerhalle-06-2017-0778-768x512.jpg 768w, https:\/\/www.urbanpresents.net\/wp-content\/uploads\/2017\/06\/urbanart-biennale-voelklingen-moellerhalle-06-2017-0778-1024x683.jpg 1024w, https:\/\/www.urbanpresents.net\/wp-content\/uploads\/2017\/06\/urbanart-biennale-voelklingen-moellerhalle-06-2017-0778.jpg 1200w\" sizes=\"(max-width: 300px) 100vw, 300px\" \/><\/a>\n                            <div class='uk-panel uk-padding-small'>gerard zlotykamien &#8216;ephemere&#8217; &#8211; 4. urbanart biennale &#8211; v\u00f6lklingen<\/div>\n            \n        <\/div>\n            <div class='uk-text-center'>\n\n            \n            <a href='https:\/\/www.urbanpresents.net\/wp-content\/uploads\/2017\/06\/urbanart-biennale-voelklingen-moellerhalle-06-2017-0789.jpg'><img loading=\"lazy\" decoding=\"async\" width=\"300\" height=\"200\" src=\"https:\/\/www.urbanpresents.net\/wp-content\/uploads\/2017\/06\/urbanart-biennale-voelklingen-moellerhalle-06-2017-0789-300x200.jpg\" class=\"attachment-medium size-medium\" alt=\"kera &#039;#27&#039; - 4\" srcset=\"https:\/\/www.urbanpresents.net\/wp-content\/uploads\/2017\/06\/urbanart-biennale-voelklingen-moellerhalle-06-2017-0789-300x200.jpg 300w, https:\/\/www.urbanpresents.net\/wp-content\/uploads\/2017\/06\/urbanart-biennale-voelklingen-moellerhalle-06-2017-0789-768x512.jpg 768w, https:\/\/www.urbanpresents.net\/wp-content\/uploads\/2017\/06\/urbanart-biennale-voelklingen-moellerhalle-06-2017-0789-1024x683.jpg 1024w, https:\/\/www.urbanpresents.net\/wp-content\/uploads\/2017\/06\/urbanart-biennale-voelklingen-moellerhalle-06-2017-0789.jpg 1200w\" sizes=\"(max-width: 300px) 100vw, 300px\" \/><\/a>\n                            <div class='uk-panel uk-padding-small'>kera &#8216;#27&#8217; &#8211; 4. urbanart biennale &#8211; v\u00f6lklingen<\/div>\n            \n        <\/div>\n            <div class='uk-text-center'>\n\n            \n            <a href='https:\/\/www.urbanpresents.net\/wp-content\/uploads\/2017\/06\/urbanart-biennale-voelklingen-moellerhalle-06-2017-0896.jpg'><img loading=\"lazy\" decoding=\"async\" width=\"300\" height=\"200\" src=\"https:\/\/www.urbanpresents.net\/wp-content\/uploads\/2017\/06\/urbanart-biennale-voelklingen-moellerhalle-06-2017-0896-300x200.jpg\" class=\"attachment-medium size-medium\" alt=\"4\" srcset=\"https:\/\/www.urbanpresents.net\/wp-content\/uploads\/2017\/06\/urbanart-biennale-voelklingen-moellerhalle-06-2017-0896-300x200.jpg 300w, https:\/\/www.urbanpresents.net\/wp-content\/uploads\/2017\/06\/urbanart-biennale-voelklingen-moellerhalle-06-2017-0896-768x512.jpg 768w, https:\/\/www.urbanpresents.net\/wp-content\/uploads\/2017\/06\/urbanart-biennale-voelklingen-moellerhalle-06-2017-0896-1024x683.jpg 1024w, https:\/\/www.urbanpresents.net\/wp-content\/uploads\/2017\/06\/urbanart-biennale-voelklingen-moellerhalle-06-2017-0896.jpg 1200w\" sizes=\"(max-width: 300px) 100vw, 300px\" \/><\/a>\n                            <div class='uk-panel uk-padding-small'>4. urbanart biennale &#8211; v\u00f6lklingen<\/div>\n            \n        <\/div>\n    \n<\/div>\n\n<p>1\/ <a href=\"https:\/\/www.urbanpresents.net\/en\/2017\/06\/4-urbanart-biennale-in-volklingen\/\">4. urbanart biennale in v\u00f6lklingen &#8211; intro<\/a><a href=\"https:\/\/www.urbanpresents.net\/en\/2017\/06\/4-urbanart-biennale-in-volklingen\/\"><br \/>\n<\/a>2\/ 4. urbanart biennale in v\u00f6lklingen &#8211; burden hall<br \/>\n3\/ <a href=\"https:\/\/www.urbanpresents.net\/en\/2017\/06\/4-urbanart-biennale-in-volklingen-urbanart-parcours\/\">4. urbanart biennale in v\u00f6lklingen &#8211; urbanart parcours<\/a><\/p>\n","protected":false},"excerpt":{"rendered":"<p>1\/ 4. urbanart biennale in v\u00f6lklingen &#8211; intro 2\/ 4. urbanart biennale in v\u00f6lklingen &#8211; burden hall 3\/ 4. urbanart biennale in v\u00f6lklingen &#8211; urbanart parcours 1\/ 4. urbanart biennale in v\u00f6lklingen &#8211; intro 2\/ 4. urbanart biennale in v\u00f6lklingen &#8211; burden hall 3\/ 4. urbanart biennale in v\u00f6lklingen &#8211; urbanart parcours<\/p>\n","protected":false},"author":1,"featured_media":7885,"comment_status":"open","ping_status":"open","sticky":false,"template":"","format":"standard","meta":{"_acf_changed":false,"footnotes":""},"categories":[5,1211,3360,2,2456],"tags":[2836,2464,2959],"class_list":["post-8059","post","type-post","status-publish","format-standard","has-post-thumbnail","hentry","category-ausstellung","category-deutschland","category-urban-art-biennale-volklingen","category-urban-travel","category-volklingen","tag-mollerhalle-en","tag-urbanart-biennale-en","tag-volklinger-hutte-en"],"acf":[],"aioseo_notices":[],"aioseo_head":"\n\t\t<!-- All in One SEO Pro 5.0.1.1 - aioseo.com -->\n\t<meta name=\"description\" content=\"1\/ 4. urbanart biennale in v\u00f6lklingen - intro 2\/ 4. urbanart biennale in v\u00f6lklingen - burden hall 3\/ 4. urbanart biennale in v\u00f6lklingen - urbanart parcours 1\/ 4. urbanart biennale in v\u00f6lklingen - intro 2\/ 4. urbanart biennale in v\u00f6lklingen - burden hall 3\/ 4. urbanart biennale in v\u00f6lklingen - urbanart parcours\" \/>\n\t<meta name=\"robots\" content=\"max-image-preview:large\" \/>\n\t<meta name=\"author\" content=\"Bart Van Kersavond\"\/>\n\t<meta name=\"keywords\" content=\"m\u00f6llerhalle @en,urbanart biennale,v\u00f6lklinger h\u00fctte @en,exhibitions,deutschland,urban art biennale v\u00f6lklingen,urban travel,v\u00f6lklingen\" \/>\n\t<link rel=\"canonical\" href=\"https:\/\/www.urbanpresents.net\/en\/2017\/06\/4-urbanart-biennale-in-volklingen-burden-hall\/\" \/>\n\t<meta name=\"generator\" content=\"All in One SEO Pro (AIOSEO) 5.0.1.1\" \/>\n\t\t<meta property=\"og:locale\" content=\"en_GB\" \/>\n\t\t<meta property=\"og:site_name\" content=\"urbanpresents\" \/>\n\t\t<meta property=\"og:type\" content=\"article\" \/>\n\t\t<meta property=\"og:title\" content=\"4. urbanart biennale in v\u00f6lklingen \u2013 burden hall | URBANPRESENTS\" \/>\n\t\t<meta property=\"og:description\" content=\"1\/ 4. urbanart biennale in v\u00f6lklingen - intro 2\/ 4. urbanart biennale in v\u00f6lklingen - burden hall 3\/ 4. urbanart biennale in v\u00f6lklingen - urbanart parcours 1\/ 4. urbanart biennale in v\u00f6lklingen - intro 2\/ 4. urbanart biennale in v\u00f6lklingen - burden hall 3\/ 4. urbanart biennale in v\u00f6lklingen - urbanart parcours\" \/>\n\t\t<meta property=\"og:url\" content=\"https:\/\/www.urbanpresents.net\/en\/2017\/06\/4-urbanart-biennale-in-volklingen-burden-hall\/\" \/>\n\t\t<meta property=\"fb:admins\" content=\"393988637443703\" \/>\n\t\t<meta property=\"og:image\" content=\"https:\/\/www.urbanpresents.net\/wp-content\/uploads\/2017\/06\/urbanart-biennale-voelklingen-moellerhalle-06-2017-0890.jpg\" \/>\n\t\t<meta property=\"og:image:secure_url\" content=\"https:\/\/www.urbanpresents.net\/wp-content\/uploads\/2017\/06\/urbanart-biennale-voelklingen-moellerhalle-06-2017-0890.jpg\" \/>\n\t\t<meta property=\"og:image:width\" content=\"1200\" \/>\n\t\t<meta property=\"og:image:height\" content=\"800\" \/>\n\t\t<meta property=\"article:tag\" content=\"m\u00f6llerhalle @en\" \/>\n\t\t<meta property=\"article:tag\" content=\"urbanart biennale\" \/>\n\t\t<meta property=\"article:tag\" content=\"v\u00f6lklinger h\u00fctte @en\" \/>\n\t\t<meta property=\"article:tag\" content=\"exhibitions\" \/>\n\t\t<meta property=\"article:tag\" content=\"deutschland\" \/>\n\t\t<meta property=\"article:tag\" content=\"urban art biennale v\u00f6lklingen\" \/>\n\t\t<meta property=\"article:tag\" content=\"urban travel\" \/>\n\t\t<meta property=\"article:tag\" content=\"v\u00f6lklingen\" \/>\n\t\t<meta property=\"article:published_time\" content=\"2017-06-24T08:51:45+00:00\" \/>\n\t\t<meta property=\"article:modified_time\" content=\"2019-04-23T21:35:00+00:00\" \/>\n\t\t<meta property=\"article:publisher\" content=\"https:\/\/www.facebook.com\/urbanpresents.net\" \/>\n\t\t<meta name=\"twitter:card\" content=\"summary\" \/>\n\t\t<meta name=\"twitter:site\" content=\"@urbanpresents\" \/>\n\t\t<meta name=\"twitter:title\" content=\"4. urbanart biennale in v\u00f6lklingen \u2013 burden hall | URBANPRESENTS\" \/>\n\t\t<meta name=\"twitter:description\" content=\"1\/ 4. urbanart biennale in v\u00f6lklingen - intro 2\/ 4. urbanart biennale in v\u00f6lklingen - burden hall 3\/ 4. urbanart biennale in v\u00f6lklingen - urbanart parcours 1\/ 4. urbanart biennale in v\u00f6lklingen - intro 2\/ 4. urbanart biennale in v\u00f6lklingen - burden hall 3\/ 4. urbanart biennale in v\u00f6lklingen - urbanart parcours\" \/>\n\t\t<meta name=\"twitter:image\" content=\"https:\/\/www.urbanpresents.net\/wp-content\/uploads\/2017\/06\/urbanart-biennale-voelklingen-moellerhalle-06-2017-0890.jpg\" \/>\n\t\t<script type=\"application\/ld+json\" class=\"aioseo-schema\">\n\t\t\t{\"@context\":\"https:\\\/\\\/schema.org\",\"@graph\":[{\"@type\":\"Article\",\"@id\":\"https:\\\/\\\/www.urbanpresents.net\\\/en\\\/2017\\\/06\\\/4-urbanart-biennale-in-volklingen-burden-hall\\\/#article\",\"name\":\"4. urbanart biennale in v\\u00f6lklingen \\u2013 burden hall | URBANPRESENTS\",\"headline\":\"4. urbanart biennale in v\\u00f6lklingen &#8211; burden hall\",\"author\":{\"@id\":\"https:\\\/\\\/www.urbanpresents.net\\\/en\\\/author\\\/kersavond\\\/#author\"},\"publisher\":{\"@id\":\"https:\\\/\\\/www.urbanpresents.net\\\/en\\\/#organization\"},\"image\":{\"@type\":\"ImageObject\",\"url\":\"https:\\\/\\\/www.urbanpresents.net\\\/wp-content\\\/uploads\\\/2017\\\/06\\\/urbanart-biennale-voelklingen-moellerhalle-06-2017-0890.jpg\",\"width\":1200,\"height\":800,\"caption\":\"cranio &amp; os gemeos - 4. urbanart biennale - v\\u00f6lklingen\"},\"datePublished\":\"2017-06-24T08:51:45+02:00\",\"dateModified\":\"2019-04-23T21:35:00+02:00\",\"inLanguage\":\"en-GB\",\"mainEntityOfPage\":{\"@id\":\"https:\\\/\\\/www.urbanpresents.net\\\/en\\\/2017\\\/06\\\/4-urbanart-biennale-in-volklingen-burden-hall\\\/#webpage\"},\"isPartOf\":{\"@id\":\"https:\\\/\\\/www.urbanpresents.net\\\/en\\\/2017\\\/06\\\/4-urbanart-biennale-in-volklingen-burden-hall\\\/#webpage\"},\"articleSection\":\"Exhibitions, Deutschland, Urban Art Biennale V\\u00f6lklingen, Urban Travel, V\\u00f6lklingen, m\\u00f6llerhalle @en, urbanart biennale, v\\u00f6lklinger h\\u00fctte @en\"},{\"@type\":\"BreadcrumbList\",\"@id\":\"https:\\\/\\\/www.urbanpresents.net\\\/en\\\/2017\\\/06\\\/4-urbanart-biennale-in-volklingen-burden-hall\\\/#breadcrumblist\",\"itemListElement\":[{\"@type\":\"ListItem\",\"@id\":\"https:\\\/\\\/www.urbanpresents.net\\\/en\\\/#listItem\",\"position\":1,\"name\":\"Home\",\"item\":\"https:\\\/\\\/www.urbanpresents.net\\\/en\\\/\",\"nextItem\":{\"@type\":\"ListItem\",\"@id\":\"https:\\\/\\\/www.urbanpresents.net\\\/en\\\/category\\\/urban-travel-en\\\/#listItem\",\"name\":\"Urban Travel\"}},{\"@type\":\"ListItem\",\"@id\":\"https:\\\/\\\/www.urbanpresents.net\\\/en\\\/category\\\/urban-travel-en\\\/#listItem\",\"position\":2,\"name\":\"Urban Travel\",\"item\":\"https:\\\/\\\/www.urbanpresents.net\\\/en\\\/category\\\/urban-travel-en\\\/\",\"nextItem\":{\"@type\":\"ListItem\",\"@id\":\"https:\\\/\\\/www.urbanpresents.net\\\/en\\\/category\\\/urban-travel-en\\\/germany\\\/#listItem\",\"name\":\"Germany\"},\"previousItem\":{\"@type\":\"ListItem\",\"@id\":\"https:\\\/\\\/www.urbanpresents.net\\\/en\\\/#listItem\",\"name\":\"Home\"}},{\"@type\":\"ListItem\",\"@id\":\"https:\\\/\\\/www.urbanpresents.net\\\/en\\\/category\\\/urban-travel-en\\\/germany\\\/#listItem\",\"position\":3,\"name\":\"Germany\",\"item\":\"https:\\\/\\\/www.urbanpresents.net\\\/en\\\/category\\\/urban-travel-en\\\/germany\\\/\",\"nextItem\":{\"@type\":\"ListItem\",\"@id\":\"https:\\\/\\\/www.urbanpresents.net\\\/en\\\/category\\\/urban-travel-en\\\/germany\\\/volklingen-en\\\/#listItem\",\"name\":\"V\\u00f6lklingen\"},\"previousItem\":{\"@type\":\"ListItem\",\"@id\":\"https:\\\/\\\/www.urbanpresents.net\\\/en\\\/category\\\/urban-travel-en\\\/#listItem\",\"name\":\"Urban Travel\"}},{\"@type\":\"ListItem\",\"@id\":\"https:\\\/\\\/www.urbanpresents.net\\\/en\\\/category\\\/urban-travel-en\\\/germany\\\/volklingen-en\\\/#listItem\",\"position\":4,\"name\":\"V\\u00f6lklingen\",\"item\":\"https:\\\/\\\/www.urbanpresents.net\\\/en\\\/category\\\/urban-travel-en\\\/germany\\\/volklingen-en\\\/\",\"nextItem\":{\"@type\":\"ListItem\",\"@id\":\"https:\\\/\\\/www.urbanpresents.net\\\/en\\\/2017\\\/06\\\/4-urbanart-biennale-in-volklingen-burden-hall\\\/#listItem\",\"name\":\"4. urbanart biennale in v\\u00f6lklingen &#8211; burden hall\"},\"previousItem\":{\"@type\":\"ListItem\",\"@id\":\"https:\\\/\\\/www.urbanpresents.net\\\/en\\\/category\\\/urban-travel-en\\\/germany\\\/#listItem\",\"name\":\"Germany\"}},{\"@type\":\"ListItem\",\"@id\":\"https:\\\/\\\/www.urbanpresents.net\\\/en\\\/2017\\\/06\\\/4-urbanart-biennale-in-volklingen-burden-hall\\\/#listItem\",\"position\":5,\"name\":\"4. urbanart biennale in v\\u00f6lklingen &#8211; burden hall\",\"previousItem\":{\"@type\":\"ListItem\",\"@id\":\"https:\\\/\\\/www.urbanpresents.net\\\/en\\\/category\\\/urban-travel-en\\\/germany\\\/volklingen-en\\\/#listItem\",\"name\":\"V\\u00f6lklingen\"}}]},{\"@type\":\"Organization\",\"@id\":\"https:\\\/\\\/www.urbanpresents.net\\\/en\\\/#organization\",\"name\":\"UrbanPresents.net\",\"description\":\"URBANPRESENTS ist ein unabh\\u00e4ngiges Online-Magazin und visuelles Archiv f\\u00fcr Urban Art, Street Art, Graffiti und Urbex-Fotografie. Seit 2015 dokumentieren wir die fl\\u00fcchtige und transformative Kraft urbaner Kreativit\\u00e4t durch Fotoreportagen, K\\u00fcnstlerportr\\u00e4ts und Hintergrundberichte \\u2013 mit Fokus auf Berlin, NRW, K\\u00f6ln und internationale Hotspots.\",\"url\":\"https:\\\/\\\/www.urbanpresents.net\\\/en\\\/\",\"telephone\":\"+491773429074\",\"logo\":{\"@type\":\"ImageObject\",\"url\":\"https:\\\/\\\/www.urbanpresents.net\\\/wp-content\\\/uploads\\\/2026\\\/02\\\/UrbanPresents-8.png\",\"@id\":\"https:\\\/\\\/www.urbanpresents.net\\\/en\\\/2017\\\/06\\\/4-urbanart-biennale-in-volklingen-burden-hall\\\/#organizationLogo\",\"width\":150,\"height\":150},\"image\":{\"@id\":\"https:\\\/\\\/www.urbanpresents.net\\\/en\\\/2017\\\/06\\\/4-urbanart-biennale-in-volklingen-burden-hall\\\/#organizationLogo\"},\"sameAs\":[\"https:\\\/\\\/www.facebook.com\\\/urbanpresents.net\",\"https:\\\/\\\/www.instagram.com\\\/urbanpresents\",\"https:\\\/\\\/www.pinterest.de\\\/urbanpresents\\\/_created\\\/\",\"https:\\\/\\\/www.youtube.com\\\/channel\\\/UCjGeNX6jqsitUpOXAlu8ITg\"]},{\"@type\":\"Person\",\"@id\":\"https:\\\/\\\/www.urbanpresents.net\\\/en\\\/author\\\/kersavond\\\/#author\",\"url\":\"https:\\\/\\\/www.urbanpresents.net\\\/en\\\/author\\\/kersavond\\\/\",\"name\":\"Bart Van Kersavond\"},{\"@type\":\"WebPage\",\"@id\":\"https:\\\/\\\/www.urbanpresents.net\\\/en\\\/2017\\\/06\\\/4-urbanart-biennale-in-volklingen-burden-hall\\\/#webpage\",\"url\":\"https:\\\/\\\/www.urbanpresents.net\\\/en\\\/2017\\\/06\\\/4-urbanart-biennale-in-volklingen-burden-hall\\\/\",\"name\":\"4. urbanart biennale in v\\u00f6lklingen \\u2013 burden hall | URBANPRESENTS\",\"description\":\"1\\\/ 4. urbanart biennale in v\\u00f6lklingen - intro 2\\\/ 4. urbanart biennale in v\\u00f6lklingen - burden hall 3\\\/ 4. urbanart biennale in v\\u00f6lklingen - urbanart parcours 1\\\/ 4. urbanart biennale in v\\u00f6lklingen - intro 2\\\/ 4. urbanart biennale in v\\u00f6lklingen - burden hall 3\\\/ 4. urbanart biennale in v\\u00f6lklingen - urbanart parcours\",\"inLanguage\":\"en-GB\",\"isPartOf\":{\"@id\":\"https:\\\/\\\/www.urbanpresents.net\\\/en\\\/#website\"},\"breadcrumb\":{\"@id\":\"https:\\\/\\\/www.urbanpresents.net\\\/en\\\/2017\\\/06\\\/4-urbanart-biennale-in-volklingen-burden-hall\\\/#breadcrumblist\"},\"author\":{\"@id\":\"https:\\\/\\\/www.urbanpresents.net\\\/en\\\/author\\\/kersavond\\\/#author\"},\"creator\":{\"@id\":\"https:\\\/\\\/www.urbanpresents.net\\\/en\\\/author\\\/kersavond\\\/#author\"},\"image\":{\"@type\":\"ImageObject\",\"url\":\"https:\\\/\\\/www.urbanpresents.net\\\/wp-content\\\/uploads\\\/2017\\\/06\\\/urbanart-biennale-voelklingen-moellerhalle-06-2017-0890.jpg\",\"@id\":\"https:\\\/\\\/www.urbanpresents.net\\\/en\\\/2017\\\/06\\\/4-urbanart-biennale-in-volklingen-burden-hall\\\/#mainImage\",\"width\":1200,\"height\":800,\"caption\":\"cranio &amp; os gemeos - 4. urbanart biennale - v\\u00f6lklingen\"},\"primaryImageOfPage\":{\"@id\":\"https:\\\/\\\/www.urbanpresents.net\\\/en\\\/2017\\\/06\\\/4-urbanart-biennale-in-volklingen-burden-hall\\\/#mainImage\"},\"datePublished\":\"2017-06-24T08:51:45+02:00\",\"dateModified\":\"2019-04-23T21:35:00+02:00\"},{\"@type\":\"WebSite\",\"@id\":\"https:\\\/\\\/www.urbanpresents.net\\\/en\\\/#website\",\"url\":\"https:\\\/\\\/www.urbanpresents.net\\\/en\\\/\",\"name\":\"URBANPRESENTS\",\"description\":\"streetart \\\/ urbex \\\/ graffiti\",\"inLanguage\":\"en-GB\",\"publisher\":{\"@id\":\"https:\\\/\\\/www.urbanpresents.net\\\/en\\\/#organization\"}}]}\n\t\t<\/script>\n\t\t<!-- All in One SEO Pro -->\r\n\t\t<title>4. urbanart biennale in v\u00f6lklingen \u2013 burden hall | URBANPRESENTS<\/title>\n\n","aioseo_head_json":{"title":"4. urbanart biennale in v\u00f6lklingen \u2013 burden hall | URBANPRESENTS","description":"1\/ 4. urbanart biennale in v\u00f6lklingen - intro 2\/ 4. urbanart biennale in v\u00f6lklingen - burden hall 3\/ 4. urbanart biennale in v\u00f6lklingen - urbanart parcours 1\/ 4. urbanart biennale in v\u00f6lklingen - intro 2\/ 4. urbanart biennale in v\u00f6lklingen - burden hall 3\/ 4. urbanart biennale in v\u00f6lklingen - urbanart parcours","canonical_url":"https:\/\/www.urbanpresents.net\/en\/2017\/06\/4-urbanart-biennale-in-volklingen-burden-hall\/","robots":"max-image-preview:large","keywords":"m\u00f6llerhalle @en,urbanart biennale,v\u00f6lklinger h\u00fctte @en,exhibitions,deutschland,urban art biennale v\u00f6lklingen,urban travel,v\u00f6lklingen","webmasterTools":{"miscellaneous":""},"schema":{"@context":"https:\/\/schema.org","@graph":[{"@type":"Article","@id":"https:\/\/www.urbanpresents.net\/en\/2017\/06\/4-urbanart-biennale-in-volklingen-burden-hall\/#article","name":"4. urbanart biennale in v\u00f6lklingen \u2013 burden hall | URBANPRESENTS","headline":"4. urbanart biennale in v\u00f6lklingen &#8211; burden hall","author":{"@id":"https:\/\/www.urbanpresents.net\/en\/author\/kersavond\/#author"},"publisher":{"@id":"https:\/\/www.urbanpresents.net\/en\/#organization"},"image":{"@type":"ImageObject","url":"https:\/\/www.urbanpresents.net\/wp-content\/uploads\/2017\/06\/urbanart-biennale-voelklingen-moellerhalle-06-2017-0890.jpg","width":1200,"height":800,"caption":"cranio &amp; os gemeos - 4. urbanart biennale - v\u00f6lklingen"},"datePublished":"2017-06-24T08:51:45+02:00","dateModified":"2019-04-23T21:35:00+02:00","inLanguage":"en-GB","mainEntityOfPage":{"@id":"https:\/\/www.urbanpresents.net\/en\/2017\/06\/4-urbanart-biennale-in-volklingen-burden-hall\/#webpage"},"isPartOf":{"@id":"https:\/\/www.urbanpresents.net\/en\/2017\/06\/4-urbanart-biennale-in-volklingen-burden-hall\/#webpage"},"articleSection":"Exhibitions, Deutschland, Urban Art Biennale V\u00f6lklingen, Urban Travel, V\u00f6lklingen, m\u00f6llerhalle @en, urbanart biennale, v\u00f6lklinger h\u00fctte @en"},{"@type":"BreadcrumbList","@id":"https:\/\/www.urbanpresents.net\/en\/2017\/06\/4-urbanart-biennale-in-volklingen-burden-hall\/#breadcrumblist","itemListElement":[{"@type":"ListItem","@id":"https:\/\/www.urbanpresents.net\/en\/#listItem","position":1,"name":"Home","item":"https:\/\/www.urbanpresents.net\/en\/","nextItem":{"@type":"ListItem","@id":"https:\/\/www.urbanpresents.net\/en\/category\/urban-travel-en\/#listItem","name":"Urban Travel"}},{"@type":"ListItem","@id":"https:\/\/www.urbanpresents.net\/en\/category\/urban-travel-en\/#listItem","position":2,"name":"Urban Travel","item":"https:\/\/www.urbanpresents.net\/en\/category\/urban-travel-en\/","nextItem":{"@type":"ListItem","@id":"https:\/\/www.urbanpresents.net\/en\/category\/urban-travel-en\/germany\/#listItem","name":"Germany"},"previousItem":{"@type":"ListItem","@id":"https:\/\/www.urbanpresents.net\/en\/#listItem","name":"Home"}},{"@type":"ListItem","@id":"https:\/\/www.urbanpresents.net\/en\/category\/urban-travel-en\/germany\/#listItem","position":3,"name":"Germany","item":"https:\/\/www.urbanpresents.net\/en\/category\/urban-travel-en\/germany\/","nextItem":{"@type":"ListItem","@id":"https:\/\/www.urbanpresents.net\/en\/category\/urban-travel-en\/germany\/volklingen-en\/#listItem","name":"V\u00f6lklingen"},"previousItem":{"@type":"ListItem","@id":"https:\/\/www.urbanpresents.net\/en\/category\/urban-travel-en\/#listItem","name":"Urban Travel"}},{"@type":"ListItem","@id":"https:\/\/www.urbanpresents.net\/en\/category\/urban-travel-en\/germany\/volklingen-en\/#listItem","position":4,"name":"V\u00f6lklingen","item":"https:\/\/www.urbanpresents.net\/en\/category\/urban-travel-en\/germany\/volklingen-en\/","nextItem":{"@type":"ListItem","@id":"https:\/\/www.urbanpresents.net\/en\/2017\/06\/4-urbanart-biennale-in-volklingen-burden-hall\/#listItem","name":"4. urbanart biennale in v\u00f6lklingen &#8211; burden hall"},"previousItem":{"@type":"ListItem","@id":"https:\/\/www.urbanpresents.net\/en\/category\/urban-travel-en\/germany\/#listItem","name":"Germany"}},{"@type":"ListItem","@id":"https:\/\/www.urbanpresents.net\/en\/2017\/06\/4-urbanart-biennale-in-volklingen-burden-hall\/#listItem","position":5,"name":"4. urbanart biennale in v\u00f6lklingen &#8211; burden hall","previousItem":{"@type":"ListItem","@id":"https:\/\/www.urbanpresents.net\/en\/category\/urban-travel-en\/germany\/volklingen-en\/#listItem","name":"V\u00f6lklingen"}}]},{"@type":"Organization","@id":"https:\/\/www.urbanpresents.net\/en\/#organization","name":"UrbanPresents.net","description":"URBANPRESENTS ist ein unabh\u00e4ngiges Online-Magazin und visuelles Archiv f\u00fcr Urban Art, Street Art, Graffiti und Urbex-Fotografie. Seit 2015 dokumentieren wir die fl\u00fcchtige und transformative Kraft urbaner Kreativit\u00e4t durch Fotoreportagen, K\u00fcnstlerportr\u00e4ts und Hintergrundberichte \u2013 mit Fokus auf Berlin, NRW, K\u00f6ln und internationale Hotspots.","url":"https:\/\/www.urbanpresents.net\/en\/","telephone":"+491773429074","logo":{"@type":"ImageObject","url":"https:\/\/www.urbanpresents.net\/wp-content\/uploads\/2026\/02\/UrbanPresents-8.png","@id":"https:\/\/www.urbanpresents.net\/en\/2017\/06\/4-urbanart-biennale-in-volklingen-burden-hall\/#organizationLogo","width":150,"height":150},"image":{"@id":"https:\/\/www.urbanpresents.net\/en\/2017\/06\/4-urbanart-biennale-in-volklingen-burden-hall\/#organizationLogo"},"sameAs":["https:\/\/www.facebook.com\/urbanpresents.net","https:\/\/www.instagram.com\/urbanpresents","https:\/\/www.pinterest.de\/urbanpresents\/_created\/","https:\/\/www.youtube.com\/channel\/UCjGeNX6jqsitUpOXAlu8ITg"]},{"@type":"Person","@id":"https:\/\/www.urbanpresents.net\/en\/author\/kersavond\/#author","url":"https:\/\/www.urbanpresents.net\/en\/author\/kersavond\/","name":"Bart Van Kersavond"},{"@type":"WebPage","@id":"https:\/\/www.urbanpresents.net\/en\/2017\/06\/4-urbanart-biennale-in-volklingen-burden-hall\/#webpage","url":"https:\/\/www.urbanpresents.net\/en\/2017\/06\/4-urbanart-biennale-in-volklingen-burden-hall\/","name":"4. urbanart biennale in v\u00f6lklingen \u2013 burden hall | URBANPRESENTS","description":"1\/ 4. urbanart biennale in v\u00f6lklingen - intro 2\/ 4. urbanart biennale in v\u00f6lklingen - burden hall 3\/ 4. urbanart biennale in v\u00f6lklingen - urbanart parcours 1\/ 4. urbanart biennale in v\u00f6lklingen - intro 2\/ 4. urbanart biennale in v\u00f6lklingen - burden hall 3\/ 4. urbanart biennale in v\u00f6lklingen - urbanart parcours","inLanguage":"en-GB","isPartOf":{"@id":"https:\/\/www.urbanpresents.net\/en\/#website"},"breadcrumb":{"@id":"https:\/\/www.urbanpresents.net\/en\/2017\/06\/4-urbanart-biennale-in-volklingen-burden-hall\/#breadcrumblist"},"author":{"@id":"https:\/\/www.urbanpresents.net\/en\/author\/kersavond\/#author"},"creator":{"@id":"https:\/\/www.urbanpresents.net\/en\/author\/kersavond\/#author"},"image":{"@type":"ImageObject","url":"https:\/\/www.urbanpresents.net\/wp-content\/uploads\/2017\/06\/urbanart-biennale-voelklingen-moellerhalle-06-2017-0890.jpg","@id":"https:\/\/www.urbanpresents.net\/en\/2017\/06\/4-urbanart-biennale-in-volklingen-burden-hall\/#mainImage","width":1200,"height":800,"caption":"cranio &amp; os gemeos - 4. urbanart biennale - v\u00f6lklingen"},"primaryImageOfPage":{"@id":"https:\/\/www.urbanpresents.net\/en\/2017\/06\/4-urbanart-biennale-in-volklingen-burden-hall\/#mainImage"},"datePublished":"2017-06-24T08:51:45+02:00","dateModified":"2019-04-23T21:35:00+02:00"},{"@type":"WebSite","@id":"https:\/\/www.urbanpresents.net\/en\/#website","url":"https:\/\/www.urbanpresents.net\/en\/","name":"URBANPRESENTS","description":"streetart \/ urbex \/ graffiti","inLanguage":"en-GB","publisher":{"@id":"https:\/\/www.urbanpresents.net\/en\/#organization"}}]},"og:locale":"en_GB","og:site_name":"urbanpresents","og:type":"article","og:title":"4. urbanart biennale in v\u00f6lklingen \u2013 burden hall | URBANPRESENTS","og:description":"1\/ 4. urbanart biennale in v\u00f6lklingen - intro 2\/ 4. urbanart biennale in v\u00f6lklingen - burden hall 3\/ 4. urbanart biennale in v\u00f6lklingen - urbanart parcours 1\/ 4. urbanart biennale in v\u00f6lklingen - intro 2\/ 4. urbanart biennale in v\u00f6lklingen - burden hall 3\/ 4. urbanart biennale in v\u00f6lklingen - urbanart parcours","og:url":"https:\/\/www.urbanpresents.net\/en\/2017\/06\/4-urbanart-biennale-in-volklingen-burden-hall\/","fb:admins":"393988637443703","og:image":"https:\/\/www.urbanpresents.net\/wp-content\/uploads\/2017\/06\/urbanart-biennale-voelklingen-moellerhalle-06-2017-0890.jpg","og:image:secure_url":"https:\/\/www.urbanpresents.net\/wp-content\/uploads\/2017\/06\/urbanart-biennale-voelklingen-moellerhalle-06-2017-0890.jpg","og:image:width":1200,"og:image:height":800,"article:tag":["m\u00f6llerhalle @en","urbanart biennale","v\u00f6lklinger h\u00fctte @en","exhibitions","deutschland","urban art biennale v\u00f6lklingen","urban travel","v\u00f6lklingen"],"article:published_time":"2017-06-24T08:51:45+00:00","article:modified_time":"2019-04-23T21:35:00+00:00","article:publisher":"https:\/\/www.facebook.com\/urbanpresents.net","twitter:card":"summary","twitter:site":"@urbanpresents","twitter:title":"4. urbanart biennale in v\u00f6lklingen \u2013 burden hall | URBANPRESENTS","twitter:description":"1\/ 4. urbanart biennale in v\u00f6lklingen - intro 2\/ 4. urbanart biennale in v\u00f6lklingen - burden hall 3\/ 4. urbanart biennale in v\u00f6lklingen - urbanart parcours 1\/ 4. urbanart biennale in v\u00f6lklingen - intro 2\/ 4. urbanart biennale in v\u00f6lklingen - burden hall 3\/ 4. urbanart biennale in v\u00f6lklingen - urbanart parcours","twitter:image":"https:\/\/www.urbanpresents.net\/wp-content\/uploads\/2017\/06\/urbanart-biennale-voelklingen-moellerhalle-06-2017-0890.jpg"},"aioseo_meta_data":{"post_id":"8059","title":"","description":null,"keywords":null,"keyphrases":null,"primary_term":null,"canonical_url":null,"og_title":"","og_description":"","og_object_type":"article","og_image_type":"default","og_image_url":null,"og_image_width":null,"og_image_height":null,"og_image_custom_url":null,"og_image_custom_fields":null,"og_video":"","og_custom_url":null,"og_article_section":"","og_article_tags":"","twitter_use_og":true,"twitter_card":"summary","twitter_image_type":"default","twitter_image_url":null,"twitter_image_custom_url":null,"twitter_image_custom_fields":null,"twitter_title":null,"twitter_description":null,"schema":{"blockGraphs":[],"customGraphs":[],"default":{"data":{"Article":[],"Course":[],"Dataset":[],"FAQPage":[],"Movie":[],"Person":[],"Product":[],"ProductReview":[],"Car":[],"Recipe":[],"Service":[],"SoftwareApplication":[],"WebPage":[]},"graphName":"","isEnabled":true},"graphs":[]},"schema_type":null,"schema_type_options":null,"pillar_content":false,"robots_default":true,"robots_noindex":false,"robots_noarchive":false,"robots_nosnippet":false,"robots_nofollow":false,"robots_noimageindex":false,"robots_noodp":false,"robots_notranslate":false,"robots_max_snippet":null,"robots_max_videopreview":null,"robots_max_imagepreview":"none","priority":null,"frequency":null,"location":null,"local_seo":null,"seo_analyzer_scan_date":"2026-05-13 01:43:09","breadcrumb_settings":null,"limit_modified_date":false,"open_ai":null,"ai":null,"created":"2020-11-14 20:52:35","updated":"2026-05-13 01:43:09","focus_keyword":null,"additional_keywords":null,"truseo_locale":null},"_links":{"self":[{"href":"https:\/\/www.urbanpresents.net\/en\/wp-json\/wp\/v2\/posts\/8059","targetHints":{"allow":["GET"]}}],"collection":[{"href":"https:\/\/www.urbanpresents.net\/en\/wp-json\/wp\/v2\/posts"}],"about":[{"href":"https:\/\/www.urbanpresents.net\/en\/wp-json\/wp\/v2\/types\/post"}],"author":[{"embeddable":true,"href":"https:\/\/www.urbanpresents.net\/en\/wp-json\/wp\/v2\/users\/1"}],"replies":[{"embeddable":true,"href":"https:\/\/www.urbanpresents.net\/en\/wp-json\/wp\/v2\/comments?post=8059"}],"version-history":[{"count":0,"href":"https:\/\/www.urbanpresents.net\/en\/wp-json\/wp\/v2\/posts\/8059\/revisions"}],"wp:featuredmedia":[{"embeddable":true,"href":"https:\/\/www.urbanpresents.net\/en\/wp-json\/wp\/v2\/media\/7885"}],"wp:attachment":[{"href":"https:\/\/www.urbanpresents.net\/en\/wp-json\/wp\/v2\/media?parent=8059"}],"wp:term":[{"taxonomy":"category","embeddable":true,"href":"https:\/\/www.urbanpresents.net\/en\/wp-json\/wp\/v2\/categories?post=8059"},{"taxonomy":"post_tag","embeddable":true,"href":"https:\/\/www.urbanpresents.net\/en\/wp-json\/wp\/v2\/tags?post=8059"}],"curies":[{"name":"wp","href":"https:\/\/api.w.org\/{rel}","templated":true}]}}